{"id":8683,"date":"2024-06-29T11:35:51","date_gmt":"2024-06-29T11:35:51","guid":{"rendered":"https:\/\/enfoquenoticioso.com\/internacionales\/editorial-del-new-york-times-insta-a-biden-a-retirarse-de-la-campana-electoral\/"},"modified":"2024-06-29T11:35:51","modified_gmt":"2024-06-29T11:35:51","slug":"editorial-del-new-york-times-insta-a-biden-a-retirarse-de-la-campana-electoral","status":"publish","type":"post","link":"https:\/\/enfoquenoticioso.com\/?p=8683","title":{"rendered":"Editorial del New York Times insta a Biden a retirarse de la campa\u00f1a electoral"},"content":{"rendered":"<div>\n<p>El Consejo Editorial del diario estadounidense The New York Times inst\u00f3 al presidente del pa\u00eds, Joe Biden, a retirarse de la campa\u00f1a electoral tras la mala imagen que ofreci\u00f3 durante el debate contra Donald Trump.<\/p>\n<p>\u00abEl mayor servicio p\u00fablico que puede prestar ahora el se\u00f1or Biden es anunciar que no seguir\u00e1 postul\u00e1ndose para la reelecci\u00f3n\u00bb, reza el art\u00edculo publicado este viernes.<\/p>\n<p>En su texto, el Consejo Editorial record\u00f3 que el mandatario hab\u00eda declarado que el futuro de la democracia estadounidense est\u00e1 \u00aben juego\u00bb en las presidenciales que tendr\u00e1n lugar en noviembre de este a\u00f1o, mientras que calific\u00f3 a Trump de \u00abpeligro significativo para esa democracia\u00bb.<\/p>\n<p>En su opini\u00f3n, los votantes no pueden hacer caso omiso de lo que era evidente durante el debate: Biden \u00abno es el hombre que era hace cuatro a\u00f1os\u00bb. Miembros del consejo afirmaron que el presidente parec\u00eda durante el duelo verbal \u00abla sombra de un gran servidor p\u00fablico\u00bb. \u00abSe esforz\u00f3 por explicar lo que lograr\u00eda en un segundo mandato. Se esforz\u00f3 por responder a las provocaciones de Trump. Se esforz\u00f3 por responsabilizar a Trump de sus mentiras, sus fracasos y sus escalofriantes planes. M\u00e1s de una vez se esforz\u00f3 por llegar al final de una frase\u00bb, se\u00f1alaron.<\/p>\n<div id=\"ez-toc-container\" class=\"ez-toc-v2_0_81 counter-hierarchy ez-toc-counter ez-toc-grey ez-toc-container-direction\">\n<div class=\"ez-toc-title-container\">\n<p class=\"ez-toc-title\" style=\"cursor:inherit\">Tabla de Contenido<\/p>\n<span class=\"ez-toc-title-toggle\"><a href=\"#\" class=\"ez-toc-pull-right ez-toc-btn ez-toc-btn-xs ez-toc-btn-default ez-toc-toggle\" aria-label=\"Alternar tabla de contenidos\"><span class=\"ez-toc-js-icon-con\"><span class=\"\"><span class=\"eztoc-hide\" style=\"display:none;\">Toggle<\/span><span class=\"ez-toc-icon-toggle-span\"><svg style=\"fill: #999;color:#999\" xmlns=\"http:\/\/www.w3.org\/2000\/svg\" class=\"list-377408\" width=\"20px\" height=\"20px\" viewBox=\"0 0 24 24\" fill=\"none\"><path d=\"M6 6H4v2h2V6zm14 0H8v2h12V6zM4 11h2v2H4v-2zm16 0H8v2h12v-2zM4 16h2v2H4v-2zm16 0H8v2h12v-2z\" fill=\"currentColor\"><\/path><\/svg><svg style=\"fill: #999;color:#999\" class=\"arrow-unsorted-368013\" xmlns=\"http:\/\/www.w3.org\/2000\/svg\" width=\"10px\" height=\"10px\" viewBox=\"0 0 24 24\" version=\"1.2\" baseProfile=\"tiny\"><path d=\"M18.2 9.3l-6.2-6.3-6.2 6.3c-.2.2-.3.4-.3.7s.1.5.3.7c.2.2.4.3.7.3h11c.3 0 .5-.1.7-.3.2-.2.3-.5.3-.7s-.1-.5-.3-.7zM5.8 14.7l6.2 6.3 6.2-6.3c.2-.2.3-.5.3-.7s-.1-.5-.3-.7c-.2-.2-.4-.3-.7-.3h-11c-.3 0-.5.1-.7.3-.2.2-.3.5-.3.7s.1.5.3.7z\"\/><\/svg><\/span><\/span><\/span><\/a><\/span><\/div>\n<nav><ul class='ez-toc-list ez-toc-list-level-1 ' ><li class='ez-toc-page-1 ez-toc-heading-level-2'><a class=\"ez-toc-link ez-toc-heading-1\" href=\"https:\/\/enfoquenoticioso.com\/?p=8683\/#Hay_candidatos_democratas_%C2%ABmejor_equipados%C2%BB\" >Hay candidatos dem\u00f3cratas \u00abmejor equipados\u00bb<\/a><\/li><\/ul><\/nav><\/div>\n<h2><span class=\"ez-toc-section\" id=\"Hay_candidatos_democratas_%C2%ABmejor_equipados%C2%BB\"><\/span>Hay candidatos dem\u00f3cratas \u00abmejor equipados\u00bb<span class=\"ez-toc-section-end\"><\/span><\/h2>\n<p>En su declaraci\u00f3n, el consejo hizo hincapi\u00e9 en que hay candidatos dem\u00f3cratas \u00abmejor equipados\u00bb. \u00abNo hay ninguna raz\u00f3n para que el partido arriesgue la estabilidad y la seguridad del pa\u00eds obligando a los votantes a elegir entre las deficiencias de Trump y las de Biden\u00bb, manifest\u00f3.<\/p>\n<p>En ese contexto, el diario llam\u00f3 al Partido Dem\u00f3crata reconocer que Biden \u00abno puede continuar su carrera y crear un proceso para elegir a alguien m\u00e1s capaz\u00bb. Concluy\u00f3 que es la mejor oportunidad de \u00abproteger el alma de la naci\u00f3n\u00bb y \u00abel mejor servicio que Biden puede prestar a un pa\u00eds al que ha servido noblemente durante tanto tiempo\u00bb.<\/p>\n<p>De acuerdo con una encuesta de CNN, el 67 % de los telespectadores del debate creen que Trump super\u00f3 a Biden. Estos datos alarmaron a algunos funcionarios dem\u00f3cratas hasta tal punto que empezaron a pedir al presidente que se retire de la carrera electoral para que el partido pueda nominar a otro candidato.<\/p>\n<p>Por su parte, el equipo de campa\u00f1a de Joe Biden asegur\u00f3 que este continuar\u00e1 en la carrera presidencial, pese a los resultados poco favorables que obtuvo en el debate.<\/p>\n<\/div>\n<p><a href=\"https:\/\/noticiasaldiayalahora.co\/internacionales\/editorial-del-new-york-times-insta-a-biden-a-retirarse-de-la-campana-electoral\/\" class=\" target=\" title=\"Editorial del New York Times insta a Biden a retirarse de la campa\u00f1a electoral\" target=\"_blank\" rel=\"noopener\">Ver fuente<\/a><\/p>\n","protected":false},"excerpt":{"rendered":"<p>El Consejo Editorial del diario estadounidense The New York Times inst\u00f3 al presidente del pa\u00eds, Joe Biden, a retirarse de la campa\u00f1a electoral tras la mala imagen que ofreci\u00f3 durante el debate contra Donald Trump. \u00abEl mayor servicio p\u00fablico que puede prestar ahora el se\u00f1or Biden es anunciar que no seguir\u00e1 postul\u00e1ndose para la reelecci\u00f3n\u00bb, [&hellip;]<\/p>\n","protected":false},"author":2,"featured_media":8464,"comment_status":"open","ping_status":"closed","sticky":false,"template":"","format":"standard","meta":{"footnotes":""},"categories":[6],"tags":[],"class_list":["post-8683","post","type-post","status-publish","format-standard","has-post-thumbnail","hentry","category-internacionales"],"_links":{"self":[{"href":"https:\/\/enfoquenoticioso.com\/index.php?rest_route=\/wp\/v2\/posts\/8683","targetHints":{"allow":["GET"]}}],"collection":[{"href":"https:\/\/enfoquenoticioso.com\/index.php?rest_route=\/wp\/v2\/posts"}],"about":[{"href":"https:\/\/enfoquenoticioso.com\/index.php?rest_route=\/wp\/v2\/types\/post"}],"author":[{"embeddable":true,"href":"https:\/\/enfoquenoticioso.com\/index.php?rest_route=\/wp\/v2\/users\/2"}],"replies":[{"embeddable":true,"href":"https:\/\/enfoquenoticioso.com\/index.php?rest_route=%2Fwp%2Fv2%2Fcomments&post=8683"}],"version-history":[{"count":0,"href":"https:\/\/enfoquenoticioso.com\/index.php?rest_route=\/wp\/v2\/posts\/8683\/revisions"}],"wp:featuredmedia":[{"embeddable":true,"href":"https:\/\/enfoquenoticioso.com\/index.php?rest_route=\/wp\/v2\/media\/8464"}],"wp:attachment":[{"href":"https:\/\/enfoquenoticioso.com\/index.php?rest_route=%2Fwp%2Fv2%2Fmedia&parent=8683"}],"wp:term":[{"taxonomy":"category","embeddable":true,"href":"https:\/\/enfoquenoticioso.com\/index.php?rest_route=%2Fwp%2Fv2%2Fcategories&post=8683"},{"taxonomy":"post_tag","embeddable":true,"href":"https:\/\/enfoquenoticioso.com\/index.php?rest_route=%2Fwp%2Fv2%2Ftags&post=8683"}],"curies":[{"name":"wp","href":"https:\/\/api.w.org\/{rel}","templated":true}]}}