{"id":8690,"date":"2024-06-29T12:06:24","date_gmt":"2024-06-29T12:06:24","guid":{"rendered":"https:\/\/enfoquenoticioso.com\/internacionales\/tribunal-absuelve-a-los-28-acusados-de-lavado-de-dinero-por-el-caso-de-los-papeles-de-panama\/"},"modified":"2024-06-29T12:06:24","modified_gmt":"2024-06-29T12:06:24","slug":"tribunal-absuelve-a-los-28-acusados-de-lavado-de-dinero-por-el-caso-de-los-papeles-de-panama","status":"publish","type":"post","link":"https:\/\/enfoquenoticioso.com\/?p=8690","title":{"rendered":"Tribunal absuelve a los 28 acusados de lavado de dinero por el caso de los \u00abPapeles de Panam\u00e1\u00bb"},"content":{"rendered":"<div>\n<p>Un tribunal paname\u00f1o absolvi\u00f3 este viernes 28 de junio a las 28 personas acusadas de lavado de dinero en casos vinculados con los esc\u00e1ndalos de los Papeles de Panam\u00e1 y \u00abLava Jato, inform\u00f3 el Poder Judicial.<\/p>\n<p>Un tribunal de Panam\u00e1 absolvi\u00f3 este viernes a los 28 imputados por el caso \u2018Papeles de Panam\u00e1\u2019, la hist\u00f3rica filtraci\u00f3n de documentos del extinto bufete paname\u00f1o Mossack Fonseca, que vincul\u00f3 a diversas personalidades del mundo con el blanqueo de capitales, inform\u00f3 el \u00d3rgano Judicial (OJ).<\/p>\n<p>\u00abLa jueza Segunda Liquidadora de Causas Penales, Balo\u00edsa Marqu\u00ednez (\u2026) absolvi\u00f3 a 28 personas acusadas del delito Contra el Orden Econ\u00f3mico en la modalidad de Blanqueo de Capitales, en las causas acumuladas de los casos denominados \u2018Panama Papers\u2019 y \u2018Lava Jato\u2019, seguido a la firma de abogados Mossack Fonseca y sus colaboradores, as\u00ed como a ciudadanos de nacionalidad alemana\u00bb, detall\u00f3 el \u00d3rgano Judicial en un comunicado.<\/p>\n<p>En la sentencia, la jueza se\u00f1ala que en los Papeles de Panam\u00e1 se determin\u00f3 que las pruebas recabadas en los servidores de Mossack Fonseca, con evidencias electr\u00f3nicas que fueron aportadas al proceso en soporte papel, \u00abno cumplieron con la cadena de custodia, as\u00ed como los principios que rigen la prueba digital principalmente al carecer de valores \u2018hash\u2019 (algoritmo matem\u00e1tico para transformar bloques de datos) que permitieran tener certeza de su autenticidad e integridad\u00bb.<\/p>\n<p>Adem\u00e1s, la juzgadora concluy\u00f3 que \u00abel resto de las pruebas no eran suficientes y concluyentes para determinar la responsabilidad penal de los acusados, tanto de los fondos procedentes de Alemania, as\u00ed como los de Argentina\u00bb.<\/p>\n<p>La jueza Marqu\u00ednez decret\u00f3 la \u00abextinci\u00f3n de la acci\u00f3n penal por muerte de uno de los se\u00f1alados en este proceso\u00bb. Se trata del abogado Ram\u00f3n Fonseca Mora, jefe y cofundador de la firma de abogados Mossack &amp; Fonseca, quien falleci\u00f3 el pasado 9 de mayo a causa de una neumon\u00eda que se le complic\u00f3, seg\u00fan dijeron a EFE sus familiares.<\/p>\n<p>De igual forma orden\u00f3 el levantamiento de las medidas cautelares personales y reales que pesan contra todos los procesados, entre los cuales est\u00e1 el abogado alem\u00e1n J\u00fcrgen Mossack, socio fundador de la firma junto a Fonseca Mora. Mossack fue absuelto de todo cargo.<\/p>\n<p>En el caso Lava Jato, el fallo indica que \u00abno se pudo determinar el ingreso de dinero de fuentes il\u00edcitas, procedentes de Brasil, al sistema financiero paname\u00f1o con la finalidad de ocultar, encubrir, disimular o ayudar a eludir las consecuencias jur\u00eddicas del delito precedente\u00bb.<\/p>\n<p>La trama \u2018Lava Jato\u2019 de Brasil se acumul\u00f3 en un mismo expediente con el caso \u2018Papeles de Panam\u00e1\u2019, dada la afinidad en cuanto a los imputados y los hechos investigados por la fiscal\u00eda.<\/p>\n<div id=\"attachment_531662\" style=\"width: 684px\" class=\"wp-caption alignnone\"><a href=\"https:\/\/i0.wp.com\/noticiasaldiayalahora.co\/wp-content\/uploads\/2024\/06\/Mossak-Papeles-de-Panama.png?ssl=1\" target=\"_blank\" rel=\"noopener\"><img loading=\"lazy\" decoding=\"async\" aria-describedby=\"caption-attachment-531662\" class=\"size-full wp-image-531662\" src=\"https:\/\/i0.wp.com\/noticiasaldiayalahora.co\/wp-content\/uploads\/2024\/06\/Mossak-Papeles-de-Panama.png?resize=674%2C425&amp;ssl=1\" alt=\"\" width=\"674\" height=\"425\" srcset=\"https:\/\/i0.wp.com\/noticiasaldiayalahora.co\/wp-content\/uploads\/2024\/06\/Mossak-Papeles-de-Panama.png?w=674&amp;ssl=1 674w, https:\/\/i0.wp.com\/noticiasaldiayalahora.co\/wp-content\/uploads\/2024\/06\/Mossak-Papeles-de-Panama.png?resize=300%2C189&amp;ssl=1 300w\" sizes=\"auto, (max-width: 674px) 100vw, 674px\" data-recalc-dims=\"1\"\/><\/a><\/p>\n<p id=\"caption-attachment-531662\" class=\"wp-caption-text\">El abogado,J\u00fcrgen Mossack (I), uno de los fundadores del bufete Mossack Fonseca, llega al tribunal en el primer d\u00eda del juicio por los \u00abPanama Papers\u00bb, en Ciudad de Panam\u00e1, el 8 de abril de 2024 \u00a9 MARTIN BERNETTI \/ AFP<\/p>\n<\/div>\n<p>La investigaci\u00f3n por este caso comenz\u00f3 en el 2016 \u00abpor hechos noticiosos relacionados con la operaci\u00f3n \u2018Lava Jato\u2019 en Brasil, que vinculaba presuntamente a una oficina de abogados en Panam\u00e1 dedicada a la creaci\u00f3n de sociedades an\u00f3nimas\u00bb, como record\u00f3 el \u00d3rgano Judicial.<\/p>\n<p>Por su lado, el juicio de los Papeles de Panam\u00e1 comenz\u00f3 el 8 de abril pasado, ocho a\u00f1os despu\u00e9s de la hist\u00f3rica filtraci\u00f3n de documentos del extinto bufete paname\u00f1o Mossack Fonseca, que vincul\u00f3 a personalidades de todo el mundo con el blanqueo de capitales.<\/p>\n<p>El juicio por los Papeles de Panam\u00e1concluy\u00f3 el pasado 19 de abril, pero la jueza tom\u00f3 el plazo de 30 d\u00edas que le da la ley para emitir su veredicto en este caso investigado por el Ministerio P\u00fablico (MP, Fiscal\u00eda).<\/p>\n<p>El proceso acumulado consta de 837 tomos y m\u00e1s de 427.000 p\u00e1ginas. AFP<\/p>\n<\/div>\n<p><a href=\"https:\/\/noticiasaldiayalahora.co\/internacionales\/tribunal-absuelve-a-los-28-acusados-de-lavado-de-dinero-por-el-caso-de-los-papeles-de-panama\/\" class=\" target=\" title=\"Tribunal absuelve a los 28 acusados de lavado de dinero por el caso de los \" Papeles de target=\"_blank\" rel=\"noopener\">Ver fuente<\/a><\/p>\n","protected":false},"excerpt":{"rendered":"<p>Un tribunal paname\u00f1o absolvi\u00f3 este viernes 28 de junio a las 28 personas acusadas de lavado de dinero en casos vinculados con los esc\u00e1ndalos de los Papeles de Panam\u00e1 y \u00abLava Jato, inform\u00f3 el Poder Judicial. Un tribunal de Panam\u00e1 absolvi\u00f3 este viernes a los 28 imputados por el caso \u2018Papeles de Panam\u00e1\u2019, la hist\u00f3rica [&hellip;]<\/p>\n","protected":false},"author":2,"featured_media":8691,"comment_status":"open","ping_status":"closed","sticky":false,"template":"","format":"standard","meta":{"footnotes":""},"categories":[6],"tags":[],"class_list":["post-8690","post","type-post","status-publish","format-standard","has-post-thumbnail","hentry","category-internacionales"],"_links":{"self":[{"href":"https:\/\/enfoquenoticioso.com\/index.php?rest_route=\/wp\/v2\/posts\/8690","targetHints":{"allow":["GET"]}}],"collection":[{"href":"https:\/\/enfoquenoticioso.com\/index.php?rest_route=\/wp\/v2\/posts"}],"about":[{"href":"https:\/\/enfoquenoticioso.com\/index.php?rest_route=\/wp\/v2\/types\/post"}],"author":[{"embeddable":true,"href":"https:\/\/enfoquenoticioso.com\/index.php?rest_route=\/wp\/v2\/users\/2"}],"replies":[{"embeddable":true,"href":"https:\/\/enfoquenoticioso.com\/index.php?rest_route=%2Fwp%2Fv2%2Fcomments&post=8690"}],"version-history":[{"count":0,"href":"https:\/\/enfoquenoticioso.com\/index.php?rest_route=\/wp\/v2\/posts\/8690\/revisions"}],"wp:featuredmedia":[{"embeddable":true,"href":"https:\/\/enfoquenoticioso.com\/index.php?rest_route=\/wp\/v2\/media\/8691"}],"wp:attachment":[{"href":"https:\/\/enfoquenoticioso.com\/index.php?rest_route=%2Fwp%2Fv2%2Fmedia&parent=8690"}],"wp:term":[{"taxonomy":"category","embeddable":true,"href":"https:\/\/enfoquenoticioso.com\/index.php?rest_route=%2Fwp%2Fv2%2Fcategories&post=8690"},{"taxonomy":"post_tag","embeddable":true,"href":"https:\/\/enfoquenoticioso.com\/index.php?rest_route=%2Fwp%2Fv2%2Ftags&post=8690"}],"curies":[{"name":"wp","href":"https:\/\/api.w.org\/{rel}","templated":true}]}}