{"id":8698,"date":"2024-06-29T12:43:16","date_gmt":"2024-06-29T12:43:16","guid":{"rendered":"https:\/\/enfoquenoticioso.com\/internacionales\/venezolanos-en-ecuador-piden-al-presidente-noboa-nuevo-proceso-de-regularizacion\/"},"modified":"2024-06-29T12:43:16","modified_gmt":"2024-06-29T12:43:16","slug":"venezolanos-en-ecuador-piden-al-presidente-noboa-nuevo-proceso-de-regularizacion","status":"publish","type":"post","link":"https:\/\/enfoquenoticioso.com\/?p=8698","title":{"rendered":"Venezolanos en Ecuador piden al presidente Noboa nuevo proceso de regularizaci\u00f3n"},"content":{"rendered":"<div>\n<p>La Asociaci\u00f3n Venezuela en Ecuador, uno de los colectivos m\u00e1s importantes de migrantes del pa\u00eds, pidi\u00f3 al presidente ecuatoriano, Daniel Noboa, que lleve adelante un nuevo proceso de regularizaci\u00f3n de venezolanos que no han podido acceder a ese plan en los dos \u00faltimos a\u00f1os.<\/p>\n<p>La Asociaci\u00f3n, mediante una carta dirigida al mandatario ecuatoriano, advirti\u00f3 del riesgo de que muchos venezolanos que han accedido a la regularizaci\u00f3n puedan perder ese derecho, debido a que en septiembre se les comienza a vencer la vigencia de la Visa de Residencia Temporal por Excepci\u00f3n (Virte), que permiti\u00f3 entre 2022 y 2023 regularizar a miles de extranjeros.<\/p>\n<p>Ese documento se cre\u00f3 en 2022 y se extendi\u00f3 a inmigrantes de cualquier nacionalidad que se encontraran en situaci\u00f3n irregular en territorio ecuatoriano, con el fin de que legalizaran sus documentos.<\/p>\n<p>Ello acompa\u00f1ado de un plan de regularizaci\u00f3n que ha sido apoyado por el Alto Comisionado de Naciones Unidas para los Refugiados (ACNUR) y la Organizaci\u00f3n Internacional de Migraciones (OIM).<\/p>\n<p>Los resultados de ese plan indican que 248.400 personas se registraron para tener una cita en el programa de Registro Migratorio de Permanencia y 201.700 de ellos recibieron un certificado de permanencia temporal, a\u00f1adi\u00f3 la Asociaci\u00f3n.<\/p>\n<p>Adem\u00e1s, los resultados de dicho plan se\u00f1alan que 95.700 extranjeros obtuvieron el Virte y de ellos 72.300 llegaron a obtener la c\u00e9dula de identidad ecuatoriana.<\/p>\n<p>Sin embargo, las vigencias del visado Virte comienzan a vencerse en septiembre ya que no se ha derogado un decreto que, entre otras consideraciones, permit\u00eda la renovaci\u00f3n del documento por una sola vez.<\/p>\n<p>Por ello, \u00able manifestamos que estamos siendo marginados, mucho m\u00e1s que en toda la historia reciente de este desplazamiento voluntario, por una inacci\u00f3n de su parte\u00bb, al no tener una alternativa legal, indic\u00f3 la Asociaci\u00f3n en la misiva al presidente Noboa.<\/p>\n<p>Esa realidad \u00abnos mantiene no solo como una comunidad invisible\u00bb, sino como blanco de discriminaci\u00f3n al ser acusados de ser los presuntos causantes de los males del pa\u00eds, como la inseguridad y el desempleo, agreg\u00f3 el colectivo liderado por el activista Daniel Regalado.<\/p>\n<p>\u00abLos venezolanos tenemos la intenci\u00f3n de incluirnos en el desarrollo de este pa\u00eds y es precisamente la irregularidad migratoria la que ha impedido poder tener acceso a derechos fundamentales como la identidad, la salud, la educaci\u00f3n, el trabajo, la seguridad social, la contrataci\u00f3n libre, la inclusi\u00f3n en el sistema financiero\u00bb, enumer\u00f3, entre otros.<\/p>\n<p>El trauma, seg\u00fan la Asociaci\u00f3n, es peor para los ni\u00f1os venezolanos que se encuentran en situaci\u00f3n irregular, sobre todo aquellos que no est\u00e1n en el pa\u00eds con alguno de sus padres o se hallan sin ninguno de ellos.<\/p>\n<p>Por todo eso, el colectivo de migrantes venezolanos pidi\u00f3 en la carta a Noboa que se pronuncie con respecto a la renovaci\u00f3n de la Visa de Residencia Temporal por Excepci\u00f3n y sobre la posibilidad de convocar a un nuevo proceso de regularizaci\u00f3n.<\/p>\n<p>Ecuador es actualmente el quinto pa\u00eds con mayor comunidad venezolana en su territorio al registrar 444.800 personas, despu\u00e9s de Colombia, Per\u00fa, Brasil y Chile, seg\u00fan el informe m\u00e1s reciente publicado por la Plataforma de Coordinaci\u00f3n Interagencial para Refugiados y Migrantes de Venezuela (R4V). EFE<\/p>\n<p>\u00a0<\/p>\n<\/div>\n<p><a href=\"https:\/\/noticiasaldiayalahora.co\/internacionales\/venezolanos-en-ecuador-piden-al-presidente-noboa-nuevo-proceso-de-regularizacion\/\" class=\" target=\" title=\"Venezolanos en Ecuador piden al presidente Noboa nuevo proceso de regularizaci\u00f3n\" target=\"_blank\" rel=\"noopener\">Ver fuente<\/a><\/p>\n","protected":false},"excerpt":{"rendered":"<p>La Asociaci\u00f3n Venezuela en Ecuador, uno de los colectivos m\u00e1s importantes de migrantes del pa\u00eds, pidi\u00f3 al presidente ecuatoriano, Daniel Noboa, que lleve adelante un nuevo proceso de regularizaci\u00f3n de venezolanos que no han podido acceder a ese plan en los dos \u00faltimos a\u00f1os. La Asociaci\u00f3n, mediante una carta dirigida al mandatario ecuatoriano, advirti\u00f3 del [&hellip;]<\/p>\n","protected":false},"author":2,"featured_media":8699,"comment_status":"open","ping_status":"closed","sticky":false,"template":"","format":"standard","meta":{"footnotes":""},"categories":[6],"tags":[],"class_list":["post-8698","post","type-post","status-publish","format-standard","has-post-thumbnail","hentry","category-internacionales"],"_links":{"self":[{"href":"https:\/\/enfoquenoticioso.com\/index.php?rest_route=\/wp\/v2\/posts\/8698","targetHints":{"allow":["GET"]}}],"collection":[{"href":"https:\/\/enfoquenoticioso.com\/index.php?rest_route=\/wp\/v2\/posts"}],"about":[{"href":"https:\/\/enfoquenoticioso.com\/index.php?rest_route=\/wp\/v2\/types\/post"}],"author":[{"embeddable":true,"href":"https:\/\/enfoquenoticioso.com\/index.php?rest_route=\/wp\/v2\/users\/2"}],"replies":[{"embeddable":true,"href":"https:\/\/enfoquenoticioso.com\/index.php?rest_route=%2Fwp%2Fv2%2Fcomments&post=8698"}],"version-history":[{"count":0,"href":"https:\/\/enfoquenoticioso.com\/index.php?rest_route=\/wp\/v2\/posts\/8698\/revisions"}],"wp:featuredmedia":[{"embeddable":true,"href":"https:\/\/enfoquenoticioso.com\/index.php?rest_route=\/wp\/v2\/media\/8699"}],"wp:attachment":[{"href":"https:\/\/enfoquenoticioso.com\/index.php?rest_route=%2Fwp%2Fv2%2Fmedia&parent=8698"}],"wp:term":[{"taxonomy":"category","embeddable":true,"href":"https:\/\/enfoquenoticioso.com\/index.php?rest_route=%2Fwp%2Fv2%2Fcategories&post=8698"},{"taxonomy":"post_tag","embeddable":true,"href":"https:\/\/enfoquenoticioso.com\/index.php?rest_route=%2Fwp%2Fv2%2Ftags&post=8698"}],"curies":[{"name":"wp","href":"https:\/\/api.w.org\/{rel}","templated":true}]}}