{"id":9074,"date":"2024-07-01T12:33:12","date_gmt":"2024-07-01T12:33:12","guid":{"rendered":"https:\/\/enfoquenoticioso.com\/sucesos\/se-escaparon-cuatro-reclusos-de-la-banda-de-wilexis-en-chacao\/"},"modified":"2024-07-01T12:33:12","modified_gmt":"2024-07-01T12:33:12","slug":"se-escaparon-cuatro-reclusos-de-la-banda-de-wilexis-en-chacao","status":"publish","type":"post","link":"https:\/\/enfoquenoticioso.com\/?p=9074","title":{"rendered":"Se escaparon cuatro reclusos de la banda de Wilexis en Chacao"},"content":{"rendered":"<div id=\"post-531748\">\n<div class=\"entry-thumbnail\">\n<img width=\"620\" height=\"437\" src=\"https:\/\/i0.wp.com\/noticiasaldiayalahora.co\/wp-content\/uploads\/2024\/07\/Chacao.png?resize=620%2C437&amp;ssl=1\" class=\"attachment-content-single size-content-single wp-post-image\" alt=\"\" decoding=\"async\" fetchpriority=\"high\"\/><\/div>\n<p class=\"entry-meta\">\n<span class=\"entry-meta-author vcard author\">Por: <a class=\"fn\" href=\"https:\/\/noticiasaldiayalahora.co\/author\/redaccion\/\" target=\"_blank\" rel=\"noopener\">Redacci\u00f3n Noticias al Dia y a la Hora<\/a><\/span><br \/>\n<span class=\"entry-meta-date updated\">1 julio, 2024<\/span>\n<\/p>\n<div class=\"entry-content clearfix\">\n<p>Organismos de seguridad activaron un despliegue policial para recapturar a cuatro detenidos que se fugaron de la sede de la Polic\u00eda Nacional Bolivariana (PNB).<span id=\"more-531748\"\/><\/p>\n<p>El hecho ocurri\u00f3 en la madrugada del 28 de junio en la sede de la PNB de Chacao.<\/p>\n<p>De acuerdo con informaci\u00f3n policial, los internos lograron escapar del centro de detenci\u00f3n luego de violentar la reja de la celda en la que se encontraban.<\/p>\n<div id=\"diari-1577164987\" class=\"diari-contenido\">\n<p>Posteriormente, salieron por la parte del Colegio Andr\u00e9s Bello, ubicado en la Avenida Mohedano, seg\u00fan reportes policiales.<\/p>\n<p>Una fuente extraoficial inform\u00f3 que, entre los cuatro fugados, hab\u00eda dos menores de edad en conflicto con la ley y dos adultos.<\/p>\n<p>Asimismo, se conoci\u00f3 que uno de ellos ya ha sido recapturado y siguen tras la b\u00fasqueda de los otros tres delincuentes en fuga.<\/p>\n<p>Adem\u00e1s estos sujetos son integrantes de la banda delictiva \u00abEl Wilexis\u00bb y residen en el barrio Jos\u00e9 F\u00e9lix Rivas, Petare.<\/p>\n<p>Por este hecho hay nueve funcionarios que fueron detenidos y est\u00e1n bajo investigaci\u00f3n.<\/p>\n<p>Esta es la segunda fuga que se registra en un calabozo policial ubicado en el \u00c1rea Metropolitana de Caracas en lo que va de junio. El 19 de junio, cinco detenidos se fugaron de los calabozos de la sede de B\u00fasqueda y Captura del Cuerpo de Investigaciones Cient\u00edficas, Penales y Criminal\u00edsticas (Cicpc).<\/p>\n<div id=\"ez-toc-container\" class=\"ez-toc-v2_0_81 counter-hierarchy ez-toc-counter ez-toc-grey ez-toc-container-direction\">\n<div class=\"ez-toc-title-container\">\n<p class=\"ez-toc-title\" style=\"cursor:inherit\">Tabla de Contenido<\/p>\n<span class=\"ez-toc-title-toggle\"><a href=\"#\" class=\"ez-toc-pull-right ez-toc-btn ez-toc-btn-xs ez-toc-btn-default ez-toc-toggle\" aria-label=\"Alternar tabla de contenidos\"><span class=\"ez-toc-js-icon-con\"><span class=\"\"><span class=\"eztoc-hide\" style=\"display:none;\">Toggle<\/span><span class=\"ez-toc-icon-toggle-span\"><svg style=\"fill: #999;color:#999\" xmlns=\"http:\/\/www.w3.org\/2000\/svg\" class=\"list-377408\" width=\"20px\" height=\"20px\" viewBox=\"0 0 24 24\" fill=\"none\"><path d=\"M6 6H4v2h2V6zm14 0H8v2h12V6zM4 11h2v2H4v-2zm16 0H8v2h12v-2zM4 16h2v2H4v-2zm16 0H8v2h12v-2z\" fill=\"currentColor\"><\/path><\/svg><svg style=\"fill: #999;color:#999\" class=\"arrow-unsorted-368013\" xmlns=\"http:\/\/www.w3.org\/2000\/svg\" width=\"10px\" height=\"10px\" viewBox=\"0 0 24 24\" version=\"1.2\" baseProfile=\"tiny\"><path d=\"M18.2 9.3l-6.2-6.3-6.2 6.3c-.2.2-.3.4-.3.7s.1.5.3.7c.2.2.4.3.7.3h11c.3 0 .5-.1.7-.3.2-.2.3-.5.3-.7s-.1-.5-.3-.7zM5.8 14.7l6.2 6.3 6.2-6.3c.2-.2.3-.5.3-.7s-.1-.5-.3-.7c-.2-.2-.4-.3-.7-.3h-11c-.3 0-.5.1-.7.3-.2.2-.3.5-.3.7s.1.5.3.7z\"\/><\/svg><\/span><\/span><\/span><\/a><\/span><\/div>\n<nav><ul class='ez-toc-list ez-toc-list-level-1 ' ><li class='ez-toc-page-1 ez-toc-heading-level-4'><a class=\"ez-toc-link ez-toc-heading-1\" href=\"https:\/\/enfoquenoticioso.com\/?p=9074\/#Sigue_al_canal_de_noticias_en_Whatsaap\" >Sigue al canal de noticias en Whatsaap\u00a0<\/a><\/li><\/ul><\/nav><\/div>\n<h4><span class=\"ez-toc-section\" id=\"Sigue_al_canal_de_noticias_en_Whatsaap\"><\/span><strong><a href=\"https:\/\/whatsapp.com\/channel\/0029VaDXFnLId7nFFiDdVI26?fbclid=IwAR1LnVJqcByTELJH4Ht086FYRmdx18pRnV7CrkzmTJ5JaLHYY0igukfL9Yk\" target=\"_blank\" rel=\"noopener\">Sigue al canal de noticias en Whatsaap\u00a0<\/a><\/strong><span class=\"ez-toc-section-end\"><\/span><\/h4>\n<\/div>\n<\/div>\n<\/div>\n<p><a href=\"https:\/\/noticiasaldiayalahora.co\/sucesos\/se-escaparon-cuatro-reclusos-de-la-banda-de-wilexis-en-chacao\/\" class=\" target=\" title=\"Se escaparon cuatro reclusos de la banda de Wilexis en Chacao\" target=\"_blank\" rel=\"noopener\">Ver fuente<\/a><\/p>\n","protected":false},"excerpt":{"rendered":"<p>Por: Redacci\u00f3n Noticias al Dia y a la Hora 1 julio, 2024 Organismos de seguridad activaron un despliegue policial para recapturar a cuatro detenidos que se fugaron de la sede de la Polic\u00eda Nacional Bolivariana (PNB). El hecho ocurri\u00f3 en la madrugada del 28 de junio en la sede de la PNB de Chacao. De [&hellip;]<\/p>\n","protected":false},"author":2,"featured_media":9075,"comment_status":"open","ping_status":"closed","sticky":false,"template":"","format":"standard","meta":{"footnotes":""},"categories":[5],"tags":[],"class_list":["post-9074","post","type-post","status-publish","format-standard","has-post-thumbnail","hentry","category-sucesos"],"_links":{"self":[{"href":"https:\/\/enfoquenoticioso.com\/index.php?rest_route=\/wp\/v2\/posts\/9074","targetHints":{"allow":["GET"]}}],"collection":[{"href":"https:\/\/enfoquenoticioso.com\/index.php?rest_route=\/wp\/v2\/posts"}],"about":[{"href":"https:\/\/enfoquenoticioso.com\/index.php?rest_route=\/wp\/v2\/types\/post"}],"author":[{"embeddable":true,"href":"https:\/\/enfoquenoticioso.com\/index.php?rest_route=\/wp\/v2\/users\/2"}],"replies":[{"embeddable":true,"href":"https:\/\/enfoquenoticioso.com\/index.php?rest_route=%2Fwp%2Fv2%2Fcomments&post=9074"}],"version-history":[{"count":0,"href":"https:\/\/enfoquenoticioso.com\/index.php?rest_route=\/wp\/v2\/posts\/9074\/revisions"}],"wp:featuredmedia":[{"embeddable":true,"href":"https:\/\/enfoquenoticioso.com\/index.php?rest_route=\/wp\/v2\/media\/9075"}],"wp:attachment":[{"href":"https:\/\/enfoquenoticioso.com\/index.php?rest_route=%2Fwp%2Fv2%2Fmedia&parent=9074"}],"wp:term":[{"taxonomy":"category","embeddable":true,"href":"https:\/\/enfoquenoticioso.com\/index.php?rest_route=%2Fwp%2Fv2%2Fcategories&post=9074"},{"taxonomy":"post_tag","embeddable":true,"href":"https:\/\/enfoquenoticioso.com\/index.php?rest_route=%2Fwp%2Fv2%2Ftags&post=9074"}],"curies":[{"name":"wp","href":"https:\/\/api.w.org\/{rel}","templated":true}]}}