{"id":9172,"date":"2024-07-01T23:03:41","date_gmt":"2024-07-01T23:03:41","guid":{"rendered":"https:\/\/enfoquenoticioso.com\/internacionales\/panama-no-sera-mas-una-via-de-transito-para-migrantes-ilegales-promete-nuevo-presidente\/"},"modified":"2024-07-01T23:03:41","modified_gmt":"2024-07-01T23:03:41","slug":"panama-no-sera-mas-una-via-de-transito-para-migrantes-ilegales-promete-nuevo-presidente","status":"publish","type":"post","link":"https:\/\/enfoquenoticioso.com\/?p=9172","title":{"rendered":"Panam\u00e1 no ser\u00e1 m\u00e1s una v\u00eda de tr\u00e1nsito para migrantes ilegales, promete nuevo presidente"},"content":{"rendered":"<div>\n<p>El nuevo presidente de Panam\u00e1, Jos\u00e9 Ra\u00fal Mulino, afirm\u00f3 este lunes tras asumir el cargo para el quinquenio 2024-2029 que este pa\u00eds \u00abno ser\u00e1 m\u00e1s de tr\u00e1nsito\u00bb de los migrantes irregulares que llegan por miles tras cruzar la selva del Dari\u00e9n, la frontera natural con Colombia, en su viaje hacia Estados Unidos.<\/p>\n<p>\u00abPanam\u00e1 no ser\u00e1 m\u00e1s un pa\u00eds de tr\u00e1nsito para los ilegales. No permitir\u00e9 complicidades locales. A nuestras fuerzas de seguridad les pido aplicar la ley como corresponde, con estricto respeto a los derechos humanos y apego a la defensa de los intereses de nuestra patria\u00bb, afirm\u00f3 Mulino.<\/p>\n<p>Mulino ha planteado repatriar de manera masiva a los migrantes irregulares que atraviesan desde Colombia la selva, y ha pedido adem\u00e1s a Estados Unidos un acuerdo de cooperaci\u00f3n para que lo financie.<\/p>\n<p>En lo que va de a\u00f1o m\u00e1s de 195.000 migrantes han atravesado la selva, en su mayor\u00eda venezolanos, mientras que en 2023 fueron m\u00e1s de 520.000, una cifra in\u00e9dita, seg\u00fan datos oficiales. Y se teme que este a\u00f1o la cifra trepe hasta las 800.000 personas, como ha alertado Unicef.<\/p>\n<p>Est\u00e1 previsto que este mismo lunes el gobierno de Mulino y el de EE.UU. firmen un acuerdo sobre el flujo de migrantes irregulares, durante los actos de investidura, en los que Washington est\u00e1 representado por Alejandro Mayorkas, el secretario del Departamento de Seguridad Interna.<\/p>\n<p>\u00abNo permitir\u00e9 que Panam\u00e1 sea un camino abierto a miles de personas que ingresan ilegalmente a nuestro pa\u00eds, aupados por toda una organizaci\u00f3n internacional relacionada con \u00e9l narcotr\u00e1fico y \u00e9l tr\u00e1fico de personas. Ese dinero, producto de lucrarse de la desdicha humana, es un dinero maldito\u00bb, sostuvo Mulino.<\/p>\n<p>A\u00f1adi\u00f3 que Panam\u00e1 no puede \u00abseguir financiando el costo econ\u00f3mico y social que la inmigraci\u00f3n ilegal masiva genera al pa\u00eds con la consiguiente vinculaci\u00f3n de organizaciones criminales internacionales que generan inseguridad a nivel internacional\u00bb y obligan a los agentes de seguridad paname\u00f1os \u00aba descuidar nuestra seguridad territorial y mar\u00edtima en otros puntos del pa\u00eds\u00bb, apostill\u00f3 el nuevo mandatario. EFE<\/p>\n<p>\u00a0<\/p>\n<\/div>\n<p><a href=\"https:\/\/noticiasaldiayalahora.co\/internacionales\/panama-no-sera-mas-una-via-de-transito-para-migrantes-ilegales-promete-nuevo-presidente\/\" class=\" target=\" title=\"Panam\u00e1 no ser\u00e1 m\u00e1s una v\u00eda de tr\u00e1nsito para migrantes ilegales, promete nuevo presidente\" target=\"_blank\" rel=\"noopener\">Ver fuente<\/a><\/p>\n","protected":false},"excerpt":{"rendered":"<p>El nuevo presidente de Panam\u00e1, Jos\u00e9 Ra\u00fal Mulino, afirm\u00f3 este lunes tras asumir el cargo para el quinquenio 2024-2029 que este pa\u00eds \u00abno ser\u00e1 m\u00e1s de tr\u00e1nsito\u00bb de los migrantes irregulares que llegan por miles tras cruzar la selva del Dari\u00e9n, la frontera natural con Colombia, en su viaje hacia Estados Unidos. \u00abPanam\u00e1 no ser\u00e1 [&hellip;]<\/p>\n","protected":false},"author":2,"featured_media":9173,"comment_status":"open","ping_status":"closed","sticky":false,"template":"","format":"standard","meta":{"footnotes":""},"categories":[6],"tags":[],"class_list":["post-9172","post","type-post","status-publish","format-standard","has-post-thumbnail","hentry","category-internacionales"],"_links":{"self":[{"href":"https:\/\/enfoquenoticioso.com\/index.php?rest_route=\/wp\/v2\/posts\/9172","targetHints":{"allow":["GET"]}}],"collection":[{"href":"https:\/\/enfoquenoticioso.com\/index.php?rest_route=\/wp\/v2\/posts"}],"about":[{"href":"https:\/\/enfoquenoticioso.com\/index.php?rest_route=\/wp\/v2\/types\/post"}],"author":[{"embeddable":true,"href":"https:\/\/enfoquenoticioso.com\/index.php?rest_route=\/wp\/v2\/users\/2"}],"replies":[{"embeddable":true,"href":"https:\/\/enfoquenoticioso.com\/index.php?rest_route=%2Fwp%2Fv2%2Fcomments&post=9172"}],"version-history":[{"count":0,"href":"https:\/\/enfoquenoticioso.com\/index.php?rest_route=\/wp\/v2\/posts\/9172\/revisions"}],"wp:featuredmedia":[{"embeddable":true,"href":"https:\/\/enfoquenoticioso.com\/index.php?rest_route=\/wp\/v2\/media\/9173"}],"wp:attachment":[{"href":"https:\/\/enfoquenoticioso.com\/index.php?rest_route=%2Fwp%2Fv2%2Fmedia&parent=9172"}],"wp:term":[{"taxonomy":"category","embeddable":true,"href":"https:\/\/enfoquenoticioso.com\/index.php?rest_route=%2Fwp%2Fv2%2Fcategories&post=9172"},{"taxonomy":"post_tag","embeddable":true,"href":"https:\/\/enfoquenoticioso.com\/index.php?rest_route=%2Fwp%2Fv2%2Ftags&post=9172"}],"curies":[{"name":"wp","href":"https:\/\/api.w.org\/{rel}","templated":true}]}}