{"id":9283,"date":"2024-07-02T11:03:06","date_gmt":"2024-07-02T11:03:06","guid":{"rendered":"https:\/\/enfoquenoticioso.com\/internacionales\/gustavo-petro-que-maduro-aceptara-reanudar-negociacion-con-eeuu-en-catar\/"},"modified":"2024-07-02T11:03:06","modified_gmt":"2024-07-02T11:03:06","slug":"gustavo-petro-que-maduro-aceptara-reanudar-negociacion-con-eeuu-en-catar","status":"publish","type":"post","link":"https:\/\/enfoquenoticioso.com\/?p=9283","title":{"rendered":"Gustavo Petro que Maduro aceptara reanudar negociaci\u00f3n con EEUU en Catar"},"content":{"rendered":"<div id=\"post-531823\">\n<div class=\"entry-thumbnail\">\n<img width=\"640\" height=\"360\" src=\"https:\/\/i0.wp.com\/noticiasaldiayalahora.co\/wp-content\/uploads\/2024\/07\/Petro-Maduro.jpg?resize=640%2C360&amp;ssl=1\" class=\"attachment-content-single size-content-single wp-post-image\" alt=\"\" decoding=\"async\" fetchpriority=\"high\" srcset=\"https:\/\/i0.wp.com\/noticiasaldiayalahora.co\/wp-content\/uploads\/2024\/07\/Petro-Maduro.jpg?w=640&amp;ssl=1 640w, https:\/\/i0.wp.com\/noticiasaldiayalahora.co\/wp-content\/uploads\/2024\/07\/Petro-Maduro.jpg?resize=300%2C169&amp;ssl=1 300w, https:\/\/i0.wp.com\/noticiasaldiayalahora.co\/wp-content\/uploads\/2024\/07\/Petro-Maduro.jpg?resize=180%2C101&amp;ssl=1 180w, https:\/\/i0.wp.com\/noticiasaldiayalahora.co\/wp-content\/uploads\/2024\/07\/Petro-Maduro.jpg?resize=260%2C146&amp;ssl=1 260w, https:\/\/i0.wp.com\/noticiasaldiayalahora.co\/wp-content\/uploads\/2024\/07\/Petro-Maduro.jpg?resize=373%2C210&amp;ssl=1 373w, https:\/\/i0.wp.com\/noticiasaldiayalahora.co\/wp-content\/uploads\/2024\/07\/Petro-Maduro.jpg?resize=120%2C67&amp;ssl=1 120w\" sizes=\"(max-width: 640px) 100vw, 640px\"\/><\/div>\n<p class=\"entry-meta\">\n<span class=\"entry-meta-author vcard author\">Por: <a class=\"fn\" href=\"https:\/\/noticiasaldiayalahora.co\/author\/redaccion\/\" target=\"_blank\" rel=\"noopener\">Redacci\u00f3n Noticias al Dia y a la Hora<\/a><\/span><br \/>\n<span class=\"entry-meta-date updated\">2 julio, 2024<\/span>\n<\/p>\n<div class=\"entry-content clearfix\">\n<p>El presidente colombiano, Gustavo Petro, aplaudi\u00f3 este lunes que su hom\u00f3logo venezolano, Nicol\u00e1s Maduro, aceptara reanudar la negociaci\u00f3n con funcionarios de Estados Unidos en Catar.<span id=\"more-531823\"\/><\/p>\n<p>\u201cExcelente. Antes que nada, la dignidad del pueblo venezolano\u201d, celebr\u00f3 Petro en sus redes sociales, en referencia a la decisi\u00f3n de Maduro.<\/p>\n<p>Minutos antes, el candidato del Psuv anunci\u00f3 que enviar\u00e1 a su delegaci\u00f3n, encabezada por su jefe de campa\u00f1a, Jorge Rodr\u00edguez, para \u201cque se cumpla lo acordado en Catar\u201d.<\/p>\n<p>Maduro acept\u00f3 negociar un d\u00eda despu\u00e9s de que se realizara un simulacro electoral, la \u00faltima oportunidad del Psuv y el resto de los partidos pol\u00edticos para contarse antes del domingo 28 de julio, cuando se llevar\u00e1 a cabo la elecci\u00f3n presidencial.<\/p>\n<p>Maduro nunca ha detallado los entretelones de su di\u00e1logo unilateral con los enviados de Joe Biden en Catar, que excluye a la Plataforma Unitaria Democr\u00e1tica (PUD), con la cual el chavismo ya firm\u00f3 el Acuerdo de Barbados.<\/p>\n<p><img loading=\"lazy\" decoding=\"async\" class=\"alignnone size-full wp-image-5461823\" src=\"https:\/\/i0.wp.com\/www.lapatilla.com\/wp-content\/uploads\/2024\/07\/Captura-de-pantalla-2024-07-01-215812.png?resize=585%2C458&amp;ssl=1\" sizes=\"auto, (max-width: 585px) 100vw, 585px\" srcset=\"https:\/\/i0.wp.com\/www.lapatilla.com\/wp-content\/uploads\/2024\/07\/Captura-de-pantalla-2024-07-01-215812.png?resize=585%2C458&amp;ssl=1?w=585 585w, https:\/\/i0.wp.com\/www.lapatilla.com\/wp-content\/uploads\/2024\/07\/Captura-de-pantalla-2024-07-01-215812.png?resize=585%2C458&amp;ssl=1?w=300 300w\" alt=\"\" width=\"585\" height=\"458\" data-recalc-dims=\"1\"\/><\/p>\n<\/div>\n<\/div>\n<p><a href=\"https:\/\/noticiasaldiayalahora.co\/internacionales\/gustavo-petro-que-maduro-aceptara-reanudar-negociacion-con-eeuu-en-catar\/\" class=\" target=\" title=\"Gustavo Petro que Maduro aceptara reanudar negociaci\u00f3n con EEUU en Catar\" target=\"_blank\" rel=\"noopener\">Ver fuente<\/a><\/p>\n","protected":false},"excerpt":{"rendered":"<p>Por: Redacci\u00f3n Noticias al Dia y a la Hora 2 julio, 2024 El presidente colombiano, Gustavo Petro, aplaudi\u00f3 este lunes que su hom\u00f3logo venezolano, Nicol\u00e1s Maduro, aceptara reanudar la negociaci\u00f3n con funcionarios de Estados Unidos en Catar. \u201cExcelente. Antes que nada, la dignidad del pueblo venezolano\u201d, celebr\u00f3 Petro en sus redes sociales, en referencia a [&hellip;]<\/p>\n","protected":false},"author":2,"featured_media":9284,"comment_status":"open","ping_status":"closed","sticky":false,"template":"","format":"standard","meta":{"footnotes":""},"categories":[6],"tags":[],"class_list":["post-9283","post","type-post","status-publish","format-standard","has-post-thumbnail","hentry","category-internacionales"],"_links":{"self":[{"href":"https:\/\/enfoquenoticioso.com\/index.php?rest_route=\/wp\/v2\/posts\/9283","targetHints":{"allow":["GET"]}}],"collection":[{"href":"https:\/\/enfoquenoticioso.com\/index.php?rest_route=\/wp\/v2\/posts"}],"about":[{"href":"https:\/\/enfoquenoticioso.com\/index.php?rest_route=\/wp\/v2\/types\/post"}],"author":[{"embeddable":true,"href":"https:\/\/enfoquenoticioso.com\/index.php?rest_route=\/wp\/v2\/users\/2"}],"replies":[{"embeddable":true,"href":"https:\/\/enfoquenoticioso.com\/index.php?rest_route=%2Fwp%2Fv2%2Fcomments&post=9283"}],"version-history":[{"count":0,"href":"https:\/\/enfoquenoticioso.com\/index.php?rest_route=\/wp\/v2\/posts\/9283\/revisions"}],"wp:featuredmedia":[{"embeddable":true,"href":"https:\/\/enfoquenoticioso.com\/index.php?rest_route=\/wp\/v2\/media\/9284"}],"wp:attachment":[{"href":"https:\/\/enfoquenoticioso.com\/index.php?rest_route=%2Fwp%2Fv2%2Fmedia&parent=9283"}],"wp:term":[{"taxonomy":"category","embeddable":true,"href":"https:\/\/enfoquenoticioso.com\/index.php?rest_route=%2Fwp%2Fv2%2Fcategories&post=9283"},{"taxonomy":"post_tag","embeddable":true,"href":"https:\/\/enfoquenoticioso.com\/index.php?rest_route=%2Fwp%2Fv2%2Ftags&post=9283"}],"curies":[{"name":"wp","href":"https:\/\/api.w.org\/{rel}","templated":true}]}}