{"id":9291,"date":"2024-07-02T11:35:30","date_gmt":"2024-07-02T11:35:30","guid":{"rendered":"https:\/\/enfoquenoticioso.com\/internacionales\/asi-fueron-los-ultimos-minutos-de-vida-de-nyah-mway-el-nino-de-13-anos-asesinado-por-la-policia-en-nueva-york\/"},"modified":"2024-07-02T11:35:30","modified_gmt":"2024-07-02T11:35:30","slug":"asi-fueron-los-ultimos-minutos-de-vida-de-nyah-mway-el-nino-de-13-anos-asesinado-por-la-policia-en-nueva-york","status":"publish","type":"post","link":"https:\/\/enfoquenoticioso.com\/?p=9291","title":{"rendered":"As\u00ed fueron los \u00faltimos minutos de vida de Nyah Mway, el ni\u00f1o de 13 a\u00f1os asesinado por la polic\u00eda en Nueva York"},"content":{"rendered":"<div>\n<p>Se dieron a conocer las im\u00e1genes de la c\u00e1mara corporal de un oficial que muestran los \u00faltimos minutos de vida de Nyah Mway,\u00a0el ni\u00f1o de 13 a\u00f1os asesinado por la polic\u00eda en Nueva York, en los Estados Unidos.\u00a0 <span id=\"more-531826\"\/><\/p>\n<p>En el audiovisual, se pudo constatar cuando\u00a0los agentes lo derribaron\u00a0luego de que supuestamente el joven les apuntara con una pistola.<\/p>\n<p>Seg\u00fan la versi\u00f3n policial, los agentes respondieron a una llamada por un disturbio en la zona.\u00a0Al llegar al lugar, encontraron a Mway supuestamente corriendo por la calle con una pistola en la mano.<\/p>\n<p>Los oficiales afirmaron que les apunt\u00f3 con el arma y que, por temor a sus vidas, uno de ellos dispar\u00f3.\u00a0Posteriormente, Mway fue trasladado de urgencia al hospital, donde falleci\u00f3 a causa de sus heridas.<\/p>\n<p>La familia de Mway neg\u00f3 que el adolescente estuviera armado\u00a0y cuestionaron la versi\u00f3n de los hechos ofrecida por la polic\u00eda.<\/p>\n<p>En consecuencia,\u00a0exigieron una investigaci\u00f3n independiente del incidente y que se procese al agente que dispar\u00f3.<\/p>\n<div id=\"ez-toc-container\" class=\"ez-toc-v2_0_81 counter-hierarchy ez-toc-counter ez-toc-grey ez-toc-container-direction\">\n<div class=\"ez-toc-title-container\">\n<p class=\"ez-toc-title\" style=\"cursor:inherit\">Tabla de Contenido<\/p>\n<span class=\"ez-toc-title-toggle\"><a href=\"#\" class=\"ez-toc-pull-right ez-toc-btn ez-toc-btn-xs ez-toc-btn-default ez-toc-toggle\" aria-label=\"Alternar tabla de contenidos\"><span class=\"ez-toc-js-icon-con\"><span class=\"\"><span class=\"eztoc-hide\" style=\"display:none;\">Toggle<\/span><span class=\"ez-toc-icon-toggle-span\"><svg style=\"fill: #999;color:#999\" xmlns=\"http:\/\/www.w3.org\/2000\/svg\" class=\"list-377408\" width=\"20px\" height=\"20px\" viewBox=\"0 0 24 24\" fill=\"none\"><path d=\"M6 6H4v2h2V6zm14 0H8v2h12V6zM4 11h2v2H4v-2zm16 0H8v2h12v-2zM4 16h2v2H4v-2zm16 0H8v2h12v-2z\" fill=\"currentColor\"><\/path><\/svg><svg style=\"fill: #999;color:#999\" class=\"arrow-unsorted-368013\" xmlns=\"http:\/\/www.w3.org\/2000\/svg\" width=\"10px\" height=\"10px\" viewBox=\"0 0 24 24\" version=\"1.2\" baseProfile=\"tiny\"><path d=\"M18.2 9.3l-6.2-6.3-6.2 6.3c-.2.2-.3.4-.3.7s.1.5.3.7c.2.2.4.3.7.3h11c.3 0 .5-.1.7-.3.2-.2.3-.5.3-.7s-.1-.5-.3-.7zM5.8 14.7l6.2 6.3 6.2-6.3c.2-.2.3-.5.3-.7s-.1-.5-.3-.7c-.2-.2-.4-.3-.7-.3h-11c-.3 0-.5.1-.7.3-.2.2-.3.5-.3.7s.1.5.3.7z\"\/><\/svg><\/span><\/span><\/span><\/a><\/span><\/div>\n<nav><ul class='ez-toc-list ez-toc-list-level-1 ' ><li class='ez-toc-page-1 ez-toc-heading-level-3'><a class=\"ez-toc-link ez-toc-heading-1\" href=\"https:\/\/enfoquenoticioso.com\/?p=9291\/#SOBRE_LA_INVESTIGACION\" >SOBRE LA INVESTIGACI\u00d3N<\/a><\/li><li class='ez-toc-page-1 ez-toc-heading-level-3'><a class=\"ez-toc-link ez-toc-heading-2\" href=\"https:\/\/enfoquenoticioso.com\/?p=9291\/#DEMANDA_Y_PROTESTAS\" >DEMANDA Y PROTESTAS<\/a><\/li><\/ul><\/nav><\/div>\n<h3 id=\"sobre-la-investigacion-%c2%a0\" class=\"rb-heading-index-1\"><span class=\"ez-toc-section\" id=\"SOBRE_LA_INVESTIGACION\"><\/span>SOBRE LA INVESTIGACI\u00d3N<span class=\"ez-toc-section-end\"><\/span><\/h3>\n<p>Lo que se sabe, de acuerdo con los medios locales, es que\u00a0la investigaci\u00f3n del incidente est\u00e1 en curso.<\/p>\n<p><span data-contrast=\"none\">Adem\u00e1s, se precis\u00f3 que el agente que dispar\u00f3 est\u00e1 de baja administrativa\u00a0mientras se espera el resultado de la investigaci\u00f3n.<\/span><\/p>\n<h3 id=\"demanda-y-protestas-%c2%a0\" class=\"rb-heading-index-2\"><span class=\"ez-toc-section\" id=\"DEMANDA_Y_PROTESTAS\"><\/span>DEMANDA Y PROTESTAS<span class=\"ez-toc-section-end\"><\/span><\/h3>\n<p>Por su parte, y como se esperaba, la familia de Mway present\u00f3 una demanda contra Utica.\u00a0Todo esto, mientras se han realizado varias protestas en la misma ciudad para exigir justicia para Mway.<\/p>\n<p>B\u00e1sicamente, los manifestantes han pedido reformas en la polic\u00eda y un mayor control del uso de la fuerza.\u00a0Sin embargo, hay que acotar que la comunidad est\u00e1 dividida, con algunos apoyando a la polic\u00eda y otros cuestionando sus acciones.<\/p>\n<p><span class=\"embed-youtube\" style=\"text-align:center; display: block;\"><iframe loading=\"lazy\" title=\"Some Utica, N.Y. residents outraged by fatal police shooting of 13-year-old Nyah Mway\" width=\"640\" height=\"360\" src=\"https:\/\/www.youtube.com\/embed\/6AmCOdWl4TA?feature=oembed\" frameborder=\"0\" allow=\"accelerometer; autoplay; clipboard-write; encrypted-media; gyroscope; picture-in-picture; web-share\" referrerpolicy=\"strict-origin-when-cross-origin\" allowfullscreen><\/iframe><\/span><\/p>\n<p>\u00a0<\/p>\n<\/div>\n<p><a href=\"https:\/\/noticiasaldiayalahora.co\/internacionales\/asi-fueron-los-ultimos-minutos-de-vida-de-nyah-mway-el-nino-de-13-anos-asesinado-por-la-policia-en-nueva-york\/\" class=\" target=\" title=\"As\u00ed fueron los \u00faltimos minutos de vida de Nyah Mway, el ni\u00f1o de 13 a\u00f1os asesinado por la polic\u00eda en Nueva York\" target=\"_blank\" rel=\"noopener\">Ver fuente<\/a><\/p>\n","protected":false},"excerpt":{"rendered":"<p>Se dieron a conocer las im\u00e1genes de la c\u00e1mara corporal de un oficial que muestran los \u00faltimos minutos de vida de Nyah Mway,\u00a0el ni\u00f1o de 13 a\u00f1os asesinado por la polic\u00eda en Nueva York, en los Estados Unidos.\u00a0 En el audiovisual, se pudo constatar cuando\u00a0los agentes lo derribaron\u00a0luego de que supuestamente el joven les apuntara [&hellip;]<\/p>\n","protected":false},"author":2,"featured_media":9292,"comment_status":"open","ping_status":"closed","sticky":false,"template":"","format":"standard","meta":{"footnotes":""},"categories":[6],"tags":[],"class_list":["post-9291","post","type-post","status-publish","format-standard","has-post-thumbnail","hentry","category-internacionales"],"_links":{"self":[{"href":"https:\/\/enfoquenoticioso.com\/index.php?rest_route=\/wp\/v2\/posts\/9291","targetHints":{"allow":["GET"]}}],"collection":[{"href":"https:\/\/enfoquenoticioso.com\/index.php?rest_route=\/wp\/v2\/posts"}],"about":[{"href":"https:\/\/enfoquenoticioso.com\/index.php?rest_route=\/wp\/v2\/types\/post"}],"author":[{"embeddable":true,"href":"https:\/\/enfoquenoticioso.com\/index.php?rest_route=\/wp\/v2\/users\/2"}],"replies":[{"embeddable":true,"href":"https:\/\/enfoquenoticioso.com\/index.php?rest_route=%2Fwp%2Fv2%2Fcomments&post=9291"}],"version-history":[{"count":0,"href":"https:\/\/enfoquenoticioso.com\/index.php?rest_route=\/wp\/v2\/posts\/9291\/revisions"}],"wp:featuredmedia":[{"embeddable":true,"href":"https:\/\/enfoquenoticioso.com\/index.php?rest_route=\/wp\/v2\/media\/9292"}],"wp:attachment":[{"href":"https:\/\/enfoquenoticioso.com\/index.php?rest_route=%2Fwp%2Fv2%2Fmedia&parent=9291"}],"wp:term":[{"taxonomy":"category","embeddable":true,"href":"https:\/\/enfoquenoticioso.com\/index.php?rest_route=%2Fwp%2Fv2%2Fcategories&post=9291"},{"taxonomy":"post_tag","embeddable":true,"href":"https:\/\/enfoquenoticioso.com\/index.php?rest_route=%2Fwp%2Fv2%2Ftags&post=9291"}],"curies":[{"name":"wp","href":"https:\/\/api.w.org\/{rel}","templated":true}]}}