{"id":9301,"date":"2024-07-02T12:16:26","date_gmt":"2024-07-02T12:16:26","guid":{"rendered":"https:\/\/enfoquenoticioso.com\/sucesos\/lamentable-accidente-en-zulia-nino-murio-electrocutado\/"},"modified":"2024-07-02T12:16:26","modified_gmt":"2024-07-02T12:16:26","slug":"lamentable-accidente-en-zulia-nino-murio-electrocutado","status":"publish","type":"post","link":"https:\/\/enfoquenoticioso.com\/?p=9301","title":{"rendered":"Lamentable accidente en Zulia: Ni\u00f1o muri\u00f3 electrocutado"},"content":{"rendered":"<div>\n<p>Un ni\u00f1o de seis a\u00f1os de edad identificado como Yender Moreno, falleci\u00f3 electrocutado al pisar un cable de extensi\u00f3n dentro de su vivienda.<span id=\"more-531829\"\/><\/p>\n<p>El tr\u00e1gico suceso ocurri\u00f3 en el sector La Icotea, en la carretera San Pedro \u2013 Lagunillas, parroquia La Victoria de la jurisdicci\u00f3n petrolera de la Costa Oriental del Lago, estado Zulia.<\/p>\n<p>El periodista Jhorman Cruz, quien comparti\u00f3 la informaci\u00f3n en sus redes sociales, indic\u00f3 que la madre est\u00e1 bajo investigaciones del Cicpc a quienes dijo que el ni\u00f1o pis\u00f3 unos cables improvisados instalados dentro de la vivienda de lata.<\/p>\n<p>As\u00ed lo rese\u00f1\u00f3 el periodista:<\/p>\n<p>Reportan el fallecimiento de un menor de edad en Valmore Rodr\u00edguez, Zulia, tras pisar una extensi\u00f3n improvisada As\u00ed fue reportada la informaci\u00f3n por el Cicpc este 1 de julio. La madre, quien est\u00e1 en investigaciones, dijo a la polic\u00eda cient\u00edfica que\u2026<\/p>\n<p>.. Yender Moreno, de 6 a\u00f1os de edad, muri\u00f3 luego de pisar unos cables improvisados instalados dentro de la vivienda de lata. El tr\u00e1gico suceso ocurri\u00f3 en el sector La Icotea, en la carretera San Pedro \u2013 Lagunillas, parroquia La Victoria de la jurisdicci\u00f3n petrolera de la COL.<\/p>\n<blockquote class=\"twitter-tweet\" data-media-max-width=\"560\">\n<p dir=\"ltr\" lang=\"es\">\u2026 Yender Moreno, de 6 a\u00f1os de edad, muri\u00f3 luego de pisar unos cables improvisados instalados dentro de la vivienda de lata.<\/p>\n<p>El tr\u00e1gico suceso ocurri\u00f3 en el sector La Icotea, en la carretera San Pedro \u2013 Lagunillas, parroquia La Victoria de la jurisdicci\u00f3n petrolera de la COL. <a href=\"https:\/\/t.co\/YvxgSlmKdH\">pic.twitter.com\/YvxgSlmKdH<\/a><\/p>\n<p>\u2014 Jhorman Cruz (@Jhormancruz1) <a href=\"https:\/\/twitter.com\/Jhormancruz1\/status\/1807842106913792381?ref_src=twsrc%5Etfw\" target=\"_blank\" rel=\"noopener\">July 1, 2024<\/a><\/p>\n<\/blockquote>\n<blockquote class=\"twitter-tweet\" data-media-max-width=\"560\">\n<p dir=\"ltr\" lang=\"es\">\u00daLTIMA HORA<\/p>\n<p>Reportan el fallecimiento de un menor de edad en Valmore Rodr\u00edguez, Zulia, tras pisar una extensi\u00f3n improvisada<\/p>\n<p>As\u00ed fue reportada la informaci\u00f3n por el Cicpc este 1 de julio.<\/p>\n<p>La madre, quien est\u00e1 en investigaciones, dijo a la polic\u00eda cient\u00edfica que\u2026 <a href=\"https:\/\/t.co\/gjxI4R2DvA\">pic.twitter.com\/gjxI4R2DvA<\/a><\/p>\n<p>\u2014 Jhorman Cruz (@Jhormancruz1) <a href=\"https:\/\/twitter.com\/Jhormancruz1\/status\/1807842100739768539?ref_src=twsrc%5Etfw\" target=\"_blank\" rel=\"noopener\">July 1, 2024<\/a><\/p>\n<\/blockquote>\n<div id=\"ez-toc-container\" class=\"ez-toc-v2_0_81 counter-hierarchy ez-toc-counter ez-toc-grey ez-toc-container-direction\">\n<div class=\"ez-toc-title-container\">\n<p class=\"ez-toc-title\" style=\"cursor:inherit\">Tabla de Contenido<\/p>\n<span class=\"ez-toc-title-toggle\"><a href=\"#\" class=\"ez-toc-pull-right ez-toc-btn ez-toc-btn-xs ez-toc-btn-default ez-toc-toggle\" aria-label=\"Alternar tabla de contenidos\"><span class=\"ez-toc-js-icon-con\"><span class=\"\"><span class=\"eztoc-hide\" style=\"display:none;\">Toggle<\/span><span class=\"ez-toc-icon-toggle-span\"><svg style=\"fill: #999;color:#999\" xmlns=\"http:\/\/www.w3.org\/2000\/svg\" class=\"list-377408\" width=\"20px\" height=\"20px\" viewBox=\"0 0 24 24\" fill=\"none\"><path d=\"M6 6H4v2h2V6zm14 0H8v2h12V6zM4 11h2v2H4v-2zm16 0H8v2h12v-2zM4 16h2v2H4v-2zm16 0H8v2h12v-2z\" fill=\"currentColor\"><\/path><\/svg><svg style=\"fill: #999;color:#999\" class=\"arrow-unsorted-368013\" xmlns=\"http:\/\/www.w3.org\/2000\/svg\" width=\"10px\" height=\"10px\" viewBox=\"0 0 24 24\" version=\"1.2\" baseProfile=\"tiny\"><path d=\"M18.2 9.3l-6.2-6.3-6.2 6.3c-.2.2-.3.4-.3.7s.1.5.3.7c.2.2.4.3.7.3h11c.3 0 .5-.1.7-.3.2-.2.3-.5.3-.7s-.1-.5-.3-.7zM5.8 14.7l6.2 6.3 6.2-6.3c.2-.2.3-.5.3-.7s-.1-.5-.3-.7c-.2-.2-.4-.3-.7-.3h-11c-.3 0-.5.1-.7.3-.2.2-.3.5-.3.7s.1.5.3.7z\"\/><\/svg><\/span><\/span><\/span><\/a><\/span><\/div>\n<nav><ul class='ez-toc-list ez-toc-list-level-1 ' ><li class='ez-toc-page-1 ez-toc-heading-level-4'><a class=\"ez-toc-link ez-toc-heading-1\" href=\"https:\/\/enfoquenoticioso.com\/?p=9301\/#Sigue_al_canal_de_noticias_en_Whatsaap\" >Sigue al canal de noticias en Whatsaap\u00a0<\/a><\/li><\/ul><\/nav><\/div>\n<h4><span class=\"ez-toc-section\" id=\"Sigue_al_canal_de_noticias_en_Whatsaap\"><\/span><strong><a href=\"https:\/\/whatsapp.com\/channel\/0029VaDXFnLId7nFFiDdVI26?fbclid=IwAR1LnVJqcByTELJH4Ht086FYRmdx18pRnV7CrkzmTJ5JaLHYY0igukfL9Yk\" target=\"_blank\" rel=\"noopener\">Sigue al canal de noticias en Whatsaap\u00a0<\/a><\/strong><span class=\"ez-toc-section-end\"><\/span><\/h4>\n<\/div>\n<p><script async src=\"\/\/platform.twitter.com\/widgets.js\" charset=\"utf-8\"><\/script><br \/>\n<br \/><a href=\"https:\/\/noticiasaldiayalahora.co\/sucesos\/lamentable-accidente-en-zulia-nino-murio-electrocutado\/\" class=\" target=\" title=\"Lamentable accidente en Zulia: Ni\u00f1o muri\u00f3 electrocutado\" target=\"_blank\" rel=\"noopener\">Ver fuente<\/a><\/p>\n","protected":false},"excerpt":{"rendered":"<p>Un ni\u00f1o de seis a\u00f1os de edad identificado como Yender Moreno, falleci\u00f3 electrocutado al pisar un cable de extensi\u00f3n dentro de su vivienda. El tr\u00e1gico suceso ocurri\u00f3 en el sector La Icotea, en la carretera San Pedro \u2013 Lagunillas, parroquia La Victoria de la jurisdicci\u00f3n petrolera de la Costa Oriental del Lago, estado Zulia. El [&hellip;]<\/p>\n","protected":false},"author":2,"featured_media":9302,"comment_status":"open","ping_status":"closed","sticky":false,"template":"","format":"standard","meta":{"footnotes":""},"categories":[5],"tags":[],"class_list":["post-9301","post","type-post","status-publish","format-standard","has-post-thumbnail","hentry","category-sucesos"],"_links":{"self":[{"href":"https:\/\/enfoquenoticioso.com\/index.php?rest_route=\/wp\/v2\/posts\/9301","targetHints":{"allow":["GET"]}}],"collection":[{"href":"https:\/\/enfoquenoticioso.com\/index.php?rest_route=\/wp\/v2\/posts"}],"about":[{"href":"https:\/\/enfoquenoticioso.com\/index.php?rest_route=\/wp\/v2\/types\/post"}],"author":[{"embeddable":true,"href":"https:\/\/enfoquenoticioso.com\/index.php?rest_route=\/wp\/v2\/users\/2"}],"replies":[{"embeddable":true,"href":"https:\/\/enfoquenoticioso.com\/index.php?rest_route=%2Fwp%2Fv2%2Fcomments&post=9301"}],"version-history":[{"count":0,"href":"https:\/\/enfoquenoticioso.com\/index.php?rest_route=\/wp\/v2\/posts\/9301\/revisions"}],"wp:featuredmedia":[{"embeddable":true,"href":"https:\/\/enfoquenoticioso.com\/index.php?rest_route=\/wp\/v2\/media\/9302"}],"wp:attachment":[{"href":"https:\/\/enfoquenoticioso.com\/index.php?rest_route=%2Fwp%2Fv2%2Fmedia&parent=9301"}],"wp:term":[{"taxonomy":"category","embeddable":true,"href":"https:\/\/enfoquenoticioso.com\/index.php?rest_route=%2Fwp%2Fv2%2Fcategories&post=9301"},{"taxonomy":"post_tag","embeddable":true,"href":"https:\/\/enfoquenoticioso.com\/index.php?rest_route=%2Fwp%2Fv2%2Ftags&post=9301"}],"curies":[{"name":"wp","href":"https:\/\/api.w.org\/{rel}","templated":true}]}}