{"id":9350,"date":"2024-07-02T15:24:08","date_gmt":"2024-07-02T15:24:08","guid":{"rendered":"https:\/\/enfoquenoticioso.com\/internacionales\/categoria-5-con-marca-historica\/"},"modified":"2024-07-02T15:24:08","modified_gmt":"2024-07-02T15:24:08","slug":"categoria-5-con-marca-historica","status":"publish","type":"post","link":"https:\/\/enfoquenoticioso.com\/?p=9350","title":{"rendered":"Categor\u00eda 5 con marca hist\u00f3rica"},"content":{"rendered":"<div id=\"post-531855\">\n<div class=\"entry-thumbnail\">\n<img width=\"744\" height=\"437\" src=\"https:\/\/i0.wp.com\/noticiasaldiayalahora.co\/wp-content\/uploads\/2024\/07\/Huracan-Beryl.jpg?resize=744%2C437&amp;ssl=1\" class=\"attachment-content-single size-content-single wp-post-image\" alt=\"\" decoding=\"async\" fetchpriority=\"high\"\/><\/div>\n<p class=\"entry-meta\">\n<span class=\"entry-meta-author vcard author\">Por: <a class=\"fn\" href=\"https:\/\/noticiasaldiayalahora.co\/author\/redaccion\/\" target=\"_blank\" rel=\"noopener\">Redacci\u00f3n Noticias al Dia y a la Hora<\/a><\/span><br \/>\n<span class=\"entry-meta-date updated\">2 julio, 2024<\/span>\n<\/p>\n<div class=\"entry-content clearfix\">\n<p>El\u00a0hurac\u00e1n Beryl ha hecho historia al convertirse en el primer hurac\u00e1n de categor\u00eda 5 de la temporada de huracanes 2024 y, a su vez, en el primer hurac\u00e1n de categor\u00eda 5 m\u00e1s temprano jam\u00e1s registrado en el Atl\u00e1ntico. Este fen\u00f3meno meteorol\u00f3gico sin precedentes supera al hurac\u00e1n Emily del a\u00f1o 2005, marcando un nuevo hito en la historia de las tormentas en la regi\u00f3n.<span id=\"more-531855\"\/><\/p>\n<div id=\"ez-toc-container\" class=\"ez-toc-v2_0_81 counter-hierarchy ez-toc-counter ez-toc-grey ez-toc-container-direction\">\n<div class=\"ez-toc-title-container\">\n<p class=\"ez-toc-title\" style=\"cursor:inherit\">Tabla de Contenido<\/p>\n<span class=\"ez-toc-title-toggle\"><a href=\"#\" class=\"ez-toc-pull-right ez-toc-btn ez-toc-btn-xs ez-toc-btn-default ez-toc-toggle\" aria-label=\"Alternar tabla de contenidos\"><span class=\"ez-toc-js-icon-con\"><span class=\"\"><span class=\"eztoc-hide\" style=\"display:none;\">Toggle<\/span><span class=\"ez-toc-icon-toggle-span\"><svg style=\"fill: #999;color:#999\" xmlns=\"http:\/\/www.w3.org\/2000\/svg\" class=\"list-377408\" width=\"20px\" height=\"20px\" viewBox=\"0 0 24 24\" fill=\"none\"><path d=\"M6 6H4v2h2V6zm14 0H8v2h12V6zM4 11h2v2H4v-2zm16 0H8v2h12v-2zM4 16h2v2H4v-2zm16 0H8v2h12v-2z\" fill=\"currentColor\"><\/path><\/svg><svg style=\"fill: #999;color:#999\" class=\"arrow-unsorted-368013\" xmlns=\"http:\/\/www.w3.org\/2000\/svg\" width=\"10px\" height=\"10px\" viewBox=\"0 0 24 24\" version=\"1.2\" baseProfile=\"tiny\"><path d=\"M18.2 9.3l-6.2-6.3-6.2 6.3c-.2.2-.3.4-.3.7s.1.5.3.7c.2.2.4.3.7.3h11c.3 0 .5-.1.7-.3.2-.2.3-.5.3-.7s-.1-.5-.3-.7zM5.8 14.7l6.2 6.3 6.2-6.3c.2-.2.3-.5.3-.7s-.1-.5-.3-.7c-.2-.2-.4-.3-.7-.3h-11c-.3 0-.5.1-.7.3-.2.2-.3.5-.3.7s.1.5.3.7z\"\/><\/svg><\/span><\/span><\/span><\/a><\/span><\/div>\n<nav><ul class='ez-toc-list ez-toc-list-level-1 ' ><li class='ez-toc-page-1 ez-toc-heading-level-2'><a class=\"ez-toc-link ez-toc-heading-1\" href=\"https:\/\/enfoquenoticioso.com\/?p=9350\/#Vientos_devastadores_y_presion_extrema_Beryl_muestra_su_poder\" >Vientos devastadores y presi\u00f3n extrema: Beryl muestra su poder<\/a><\/li><li class='ez-toc-page-1 ez-toc-heading-level-2'><a class=\"ez-toc-link ez-toc-heading-2\" href=\"https:\/\/enfoquenoticioso.com\/?p=9350\/#Primer_aviso_de_una_temporada_activa_Beryl_llama_a_la_accion\" >Primer aviso de una temporada activa: Beryl llama a la acci\u00f3n<\/a><\/li><li class='ez-toc-page-1 ez-toc-heading-level-2'><a class=\"ez-toc-link ez-toc-heading-3\" href=\"https:\/\/enfoquenoticioso.com\/?p=9350\/#Recomendaciones_para_estar_preparados\" >Recomendaciones para estar preparados:<\/a><\/li><\/ul><\/nav><\/div>\n<h2 class=\"h2\"><span class=\"ez-toc-section\" id=\"Vientos_devastadores_y_presion_extrema_Beryl_muestra_su_poder\"><\/span>Vientos devastadores y presi\u00f3n extrema: Beryl muestra su poder<span class=\"ez-toc-section-end\"><\/span><\/h2>\n<p>Con vientos m\u00e1ximos sostenidos de 260 km\/h (160 mph) y una presi\u00f3n central m\u00ednima de 938 mb,\u00a0Beryl se presenta como una fuerza de la naturaleza de proporciones \u00e9picas. Su potencia lo convierte en un hurac\u00e1n extremadamente peligroso y un claro recordatorio de la necesidad de estar preparados para la temporada de huracanes.<\/p>\n<h2 class=\"h2\"><span class=\"ez-toc-section\" id=\"Primer_aviso_de_una_temporada_activa_Beryl_llama_a_la_accion\"><\/span>Primer aviso de una temporada activa: Beryl llama a la acci\u00f3n<span class=\"ez-toc-section-end\"><\/span><\/h2>\n<p>La temprana intensificaci\u00f3n de Beryl a categor\u00eda 5 sirve como una se\u00f1al clara de que la temporada de huracanes 2024 tiene el potencial de ser muy activa. Es crucial que las comunidades costeras y los organismos pertinentes tomen las medidas preventivas necesarias para minimizar el impacto de posibles tormentas.<\/p>\n<div class=\"fixed-container direction-center\"><img decoding=\"async\" class=\"i-amphtml-fill-content i-amphtml-replaced-content\" title=\"\u00a1Alerta! Beryl irrumpe con fuerza inusitada: categor\u00eda 5 y marca hist\u00f3rica-\" src=\"https:\/\/i0.wp.com\/pxcdn.meridiano.net\/072024\/1719923929379\/IMG_4216.jpeg?ssl=1\" alt=\"\u00a1Alerta! Beryl irrumpe con fuerza inusitada: categor\u00eda 5 y marca hist\u00f3rica\" data-recalc-dims=\"1\"\/><\/div>\n<h2 class=\"h2\"><span class=\"ez-toc-section\" id=\"Recomendaciones_para_estar_preparados\"><\/span>Recomendaciones para estar preparados:<span class=\"ez-toc-section-end\"><\/span><\/h2>\n<ul>\n<li>Mantente informado: Sigue\u00a0los avisos y alertas emitidos por las autoridades meteorol\u00f3gicas locales.<\/li>\n<li>Prepara un kit de emergencias: Incluye\u00a0alimentos no perecederos, agua potable, medicamentos, linternas y otros elementos esenciales.<\/li>\n<li>Protege tu propiedad: Aseg\u00farate\u00a0las estructuras y objetos sueltos que puedan convertirse en proyectiles durante la tormenta.<\/li>\n<li>Evita las \u00e1reas costeras: Si se emite una orden de evacuaci\u00f3n, ac\u00e1tala de inmediato.<\/li>\n<\/ul>\n<p>Se recomienda estar preparados y tomar las medidas necesarias para protegerse a s\u00ed mismo, a su familia y a su comunidad.<\/p>\n<p>\u00a0<\/p>\n<\/div>\n<\/div>\n<p><a href=\"https:\/\/noticiasaldiayalahora.co\/internacionales\/huracan-beryl-irrumpe-con-fuerza-inusitada-categoria-5-con-marca-historica\/\" class=\" target=\" title=\"Categor\u00eda 5 con marca hist\u00f3rica\" target=\"_blank\" rel=\"noopener\">Ver fuente<\/a><\/p>\n","protected":false},"excerpt":{"rendered":"<p>Por: Redacci\u00f3n Noticias al Dia y a la Hora 2 julio, 2024 El\u00a0hurac\u00e1n Beryl ha hecho historia al convertirse en el primer hurac\u00e1n de categor\u00eda 5 de la temporada de huracanes 2024 y, a su vez, en el primer hurac\u00e1n de categor\u00eda 5 m\u00e1s temprano jam\u00e1s registrado en el Atl\u00e1ntico. Este fen\u00f3meno meteorol\u00f3gico sin precedentes [&hellip;]<\/p>\n","protected":false},"author":2,"featured_media":9351,"comment_status":"open","ping_status":"closed","sticky":false,"template":"","format":"standard","meta":{"footnotes":""},"categories":[6],"tags":[],"class_list":["post-9350","post","type-post","status-publish","format-standard","has-post-thumbnail","hentry","category-internacionales"],"_links":{"self":[{"href":"https:\/\/enfoquenoticioso.com\/index.php?rest_route=\/wp\/v2\/posts\/9350","targetHints":{"allow":["GET"]}}],"collection":[{"href":"https:\/\/enfoquenoticioso.com\/index.php?rest_route=\/wp\/v2\/posts"}],"about":[{"href":"https:\/\/enfoquenoticioso.com\/index.php?rest_route=\/wp\/v2\/types\/post"}],"author":[{"embeddable":true,"href":"https:\/\/enfoquenoticioso.com\/index.php?rest_route=\/wp\/v2\/users\/2"}],"replies":[{"embeddable":true,"href":"https:\/\/enfoquenoticioso.com\/index.php?rest_route=%2Fwp%2Fv2%2Fcomments&post=9350"}],"version-history":[{"count":0,"href":"https:\/\/enfoquenoticioso.com\/index.php?rest_route=\/wp\/v2\/posts\/9350\/revisions"}],"wp:featuredmedia":[{"embeddable":true,"href":"https:\/\/enfoquenoticioso.com\/index.php?rest_route=\/wp\/v2\/media\/9351"}],"wp:attachment":[{"href":"https:\/\/enfoquenoticioso.com\/index.php?rest_route=%2Fwp%2Fv2%2Fmedia&parent=9350"}],"wp:term":[{"taxonomy":"category","embeddable":true,"href":"https:\/\/enfoquenoticioso.com\/index.php?rest_route=%2Fwp%2Fv2%2Fcategories&post=9350"},{"taxonomy":"post_tag","embeddable":true,"href":"https:\/\/enfoquenoticioso.com\/index.php?rest_route=%2Fwp%2Fv2%2Ftags&post=9350"}],"curies":[{"name":"wp","href":"https:\/\/api.w.org\/{rel}","templated":true}]}}