{"id":9395,"date":"2024-07-02T18:31:09","date_gmt":"2024-07-02T18:31:09","guid":{"rendered":"https:\/\/enfoquenoticioso.com\/internacionales\/el-dolar-blue-marca-record-en-la-argentina\/"},"modified":"2024-07-02T18:31:09","modified_gmt":"2024-07-02T18:31:09","slug":"el-dolar-blue-marca-record-en-la-argentina","status":"publish","type":"post","link":"https:\/\/enfoquenoticioso.com\/?p=9395","title":{"rendered":"El d\u00f3lar \u00abblue\u00bb marca r\u00e9cord en la Argentina"},"content":{"rendered":"<div>\n<p>El d\u00f3lar \u00abblue\u00bb o paralelo, que se vende por fuera del circuito bancario en Argentina, alcanz\u00f3 este lunes un nuevo r\u00e9cord nominal y se vendi\u00f3 a 1.405 pesos.<\/p>\n<p>La moneda estadounidense subi\u00f3 40 unidades respecto al cierre del viernes (1.365), s\u00edntoma de los anuncios que hizo el ministro de Econom\u00eda, Luis Caputo, la noche de esa misma jornada.<\/p>\n<p>En una rueda de prensa, el funcionario se\u00f1al\u00f3 que, tras alcanzar el d\u00e9ficit cero, se iniciar\u00e1 la \u00absegunda etapa\u00bb del programa econ\u00f3mico, con el objetivo de reducir la emisi\u00f3n monetaria.<\/p>\n<p>Las medidas de Caputo repercutieron negativamente en el mercado financiero. Seg\u00fan un relevamiento de Infod\u00f3lar, en algunas provincias como Santa Cruz el valor de la moneda norteamericana \u2018blue\u2019 alcanz\u00f3 los 1.427, muy por encima de lo registrado en casas de cambio informales de Buenos Aires.<\/p>\n<p>Adem\u00e1s, la brecha con respecto al d\u00f3lar oficial lleg\u00f3 al 53,7 %, la m\u00e1s alta desde la devaluaci\u00f3n de diciembre. El billete verde cotiz\u00f3 a 932,50 pesos en el Banco Naci\u00f3n.<\/p>\n<p>Asimismo, las acciones de empresas argentinas se desplomaron hasta 10 % este lunes tanto en la bolsa de Wall Street, EE.UU., como en la bolsa de comercio de Buenos Aires, mientras que el riesgo pa\u00eds, que mide el banco estadounidense JP Morgan, subi\u00f3 50 unidades (+3,4 %) hasta los 1.506 puntos b\u00e1sicos, inform\u00f3 \u00c1mbito.<\/p>\n<\/div>\n<p><a href=\"https:\/\/noticiasaldiayalahora.co\/internacionales\/el-dolar-blue-marca-record-en-la-argentina\/\" class=\" target=\" title=\"El d\u00f3lar \" marca  en la target=\"_blank\" rel=\"noopener\">Ver fuente<\/a><\/p>\n","protected":false},"excerpt":{"rendered":"<p>El d\u00f3lar \u00abblue\u00bb o paralelo, que se vende por fuera del circuito bancario en Argentina, alcanz\u00f3 este lunes un nuevo r\u00e9cord nominal y se vendi\u00f3 a 1.405 pesos. La moneda estadounidense subi\u00f3 40 unidades respecto al cierre del viernes (1.365), s\u00edntoma de los anuncios que hizo el ministro de Econom\u00eda, Luis Caputo, la noche de [&hellip;]<\/p>\n","protected":false},"author":2,"featured_media":9396,"comment_status":"open","ping_status":"closed","sticky":false,"template":"","format":"standard","meta":{"footnotes":""},"categories":[6],"tags":[],"class_list":["post-9395","post","type-post","status-publish","format-standard","has-post-thumbnail","hentry","category-internacionales"],"_links":{"self":[{"href":"https:\/\/enfoquenoticioso.com\/index.php?rest_route=\/wp\/v2\/posts\/9395","targetHints":{"allow":["GET"]}}],"collection":[{"href":"https:\/\/enfoquenoticioso.com\/index.php?rest_route=\/wp\/v2\/posts"}],"about":[{"href":"https:\/\/enfoquenoticioso.com\/index.php?rest_route=\/wp\/v2\/types\/post"}],"author":[{"embeddable":true,"href":"https:\/\/enfoquenoticioso.com\/index.php?rest_route=\/wp\/v2\/users\/2"}],"replies":[{"embeddable":true,"href":"https:\/\/enfoquenoticioso.com\/index.php?rest_route=%2Fwp%2Fv2%2Fcomments&post=9395"}],"version-history":[{"count":0,"href":"https:\/\/enfoquenoticioso.com\/index.php?rest_route=\/wp\/v2\/posts\/9395\/revisions"}],"wp:featuredmedia":[{"embeddable":true,"href":"https:\/\/enfoquenoticioso.com\/index.php?rest_route=\/wp\/v2\/media\/9396"}],"wp:attachment":[{"href":"https:\/\/enfoquenoticioso.com\/index.php?rest_route=%2Fwp%2Fv2%2Fmedia&parent=9395"}],"wp:term":[{"taxonomy":"category","embeddable":true,"href":"https:\/\/enfoquenoticioso.com\/index.php?rest_route=%2Fwp%2Fv2%2Fcategories&post=9395"},{"taxonomy":"post_tag","embeddable":true,"href":"https:\/\/enfoquenoticioso.com\/index.php?rest_route=%2Fwp%2Fv2%2Ftags&post=9395"}],"curies":[{"name":"wp","href":"https:\/\/api.w.org\/{rel}","templated":true}]}}