{"id":9563,"date":"2024-07-03T12:44:23","date_gmt":"2024-07-03T12:44:23","guid":{"rendered":"https:\/\/enfoquenoticioso.com\/sucesos\/asesinaron-a-cuatro-reos-en-los-calabozos-de-policumana\/"},"modified":"2024-07-03T12:44:23","modified_gmt":"2024-07-03T12:44:23","slug":"asesinaron-a-cuatro-reos-en-los-calabozos-de-policumana","status":"publish","type":"post","link":"https:\/\/enfoquenoticioso.com\/?p=9563","title":{"rendered":"Asesinaron a cuatro reos en los calabozos de Policuman\u00e1"},"content":{"rendered":"<div id=\"post-531921\">\n<div class=\"entry-thumbnail\">\n<img width=\"777\" height=\"420\" src=\"https:\/\/i0.wp.com\/noticiasaldiayalahora.co\/wp-content\/uploads\/2024\/07\/Cumana.png?resize=777%2C420&amp;ssl=1\" class=\"attachment-content-single size-content-single wp-post-image\" alt=\"\" decoding=\"async\" fetchpriority=\"high\"\/><\/div>\n<p class=\"entry-meta\">\n<span class=\"entry-meta-author vcard author\">Por: <a class=\"fn\" href=\"https:\/\/noticiasaldiayalahora.co\/author\/redaccion\/\" target=\"_blank\" rel=\"noopener\">Redacci\u00f3n Noticias al Dia y a la Hora<\/a><\/span><br \/>\n<span class=\"entry-meta-date updated\">3 julio, 2024<\/span>\n<\/p>\n<div class=\"entry-content clearfix\">\n<p>Cuatro privados de libertad recluidos en los calabozos del Instituto Aut\u00f3nomo de la Polic\u00eda del estado Sucre fueron asesinados.<span id=\"more-531921\"\/><\/p>\n<p>La ONG Una Ventana a la Libertad rese\u00f1a que sobre el suceso ocurrido el pasado 26 de junio, se conocen dos versiones. La primera es que, supuestamente, hubo una disputa con un grupo de privados de libertad, quienes se rehusaban a ser trasladados a distintas c\u00e1rceles del pa\u00eds y habr\u00edan sido tomados como rehenes para evitar que los reubicaran, pero resultaron ultimados.<\/p>\n<p>Otra versi\u00f3n indica que los cuatro hombres fueron asesinados porque violaron a otro preso identificado como Jos\u00e9 Israel D\u00edaz Canache, quien est\u00e1 acusado de abusar sexualmente de cinco ni\u00f1os, en el sector El Pozo de Boca de Sabana, de la parroquia Santa In\u00e9s, de Cuman\u00e1.<\/p>\n<p>El Cicpc traslad\u00f3 los cad\u00e1veres hasta la morgue del hospital \u201cAntonio Patricio de Alcal\u00e1\u201d en Cuman\u00e1, donde fueron identificados los occisos como Jefferson Chirinos Ramos, \u00c1ngel Rub\u00e9n Valdez, \u00c1ngelo Jon\u00e1s Marcano y Manuel Jos\u00e9 Zerpa.<\/p>\n<div id=\"ez-toc-container\" class=\"ez-toc-v2_0_81 counter-hierarchy ez-toc-counter ez-toc-grey ez-toc-container-direction\">\n<div class=\"ez-toc-title-container\">\n<p class=\"ez-toc-title\" style=\"cursor:inherit\">Tabla de Contenido<\/p>\n<span class=\"ez-toc-title-toggle\"><a href=\"#\" class=\"ez-toc-pull-right ez-toc-btn ez-toc-btn-xs ez-toc-btn-default ez-toc-toggle\" aria-label=\"Alternar tabla de contenidos\"><span class=\"ez-toc-js-icon-con\"><span class=\"\"><span class=\"eztoc-hide\" style=\"display:none;\">Toggle<\/span><span class=\"ez-toc-icon-toggle-span\"><svg style=\"fill: #999;color:#999\" xmlns=\"http:\/\/www.w3.org\/2000\/svg\" class=\"list-377408\" width=\"20px\" height=\"20px\" viewBox=\"0 0 24 24\" fill=\"none\"><path d=\"M6 6H4v2h2V6zm14 0H8v2h12V6zM4 11h2v2H4v-2zm16 0H8v2h12v-2zM4 16h2v2H4v-2zm16 0H8v2h12v-2z\" fill=\"currentColor\"><\/path><\/svg><svg style=\"fill: #999;color:#999\" class=\"arrow-unsorted-368013\" xmlns=\"http:\/\/www.w3.org\/2000\/svg\" width=\"10px\" height=\"10px\" viewBox=\"0 0 24 24\" version=\"1.2\" baseProfile=\"tiny\"><path d=\"M18.2 9.3l-6.2-6.3-6.2 6.3c-.2.2-.3.4-.3.7s.1.5.3.7c.2.2.4.3.7.3h11c.3 0 .5-.1.7-.3.2-.2.3-.5.3-.7s-.1-.5-.3-.7zM5.8 14.7l6.2 6.3 6.2-6.3c.2-.2.3-.5.3-.7s-.1-.5-.3-.7c-.2-.2-.4-.3-.7-.3h-11c-.3 0-.5.1-.7.3-.2.2-.3.5-.3.7s.1.5.3.7z\"\/><\/svg><\/span><\/span><\/span><\/a><\/span><\/div>\n<nav><ul class='ez-toc-list ez-toc-list-level-1 ' ><li class='ez-toc-page-1 ez-toc-heading-level-4'><a class=\"ez-toc-link ez-toc-heading-1\" href=\"https:\/\/enfoquenoticioso.com\/?p=9563\/#Sigue_al_canal_de_noticias_en_Whatsaap\" >Sigue al canal de noticias en Whatsaap\u00a0<\/a><\/li><\/ul><\/nav><\/div>\n<h4><span class=\"ez-toc-section\" id=\"Sigue_al_canal_de_noticias_en_Whatsaap\"><\/span><strong><a href=\"https:\/\/whatsapp.com\/channel\/0029VaDXFnLId7nFFiDdVI26?fbclid=IwAR1LnVJqcByTELJH4Ht086FYRmdx18pRnV7CrkzmTJ5JaLHYY0igukfL9Yk\" target=\"_blank\" rel=\"noopener\">Sigue al canal de noticias en Whatsaap\u00a0<\/a><\/strong><span class=\"ez-toc-section-end\"><\/span><\/h4>\n<\/div>\n<\/div>\n<p><a href=\"https:\/\/noticiasaldiayalahora.co\/sucesos\/asesinaron-a-cuatro-reos-en-los-calabozos-de-policumana\/\" class=\" target=\" title=\"Asesinaron a cuatro reos en los calabozos de Policuman\u00e1\" target=\"_blank\" rel=\"noopener\">Ver fuente<\/a><\/p>\n","protected":false},"excerpt":{"rendered":"<p>Por: Redacci\u00f3n Noticias al Dia y a la Hora 3 julio, 2024 Cuatro privados de libertad recluidos en los calabozos del Instituto Aut\u00f3nomo de la Polic\u00eda del estado Sucre fueron asesinados. La ONG Una Ventana a la Libertad rese\u00f1a que sobre el suceso ocurrido el pasado 26 de junio, se conocen dos versiones. La primera [&hellip;]<\/p>\n","protected":false},"author":2,"featured_media":9564,"comment_status":"open","ping_status":"closed","sticky":false,"template":"","format":"standard","meta":{"footnotes":""},"categories":[5],"tags":[],"class_list":["post-9563","post","type-post","status-publish","format-standard","has-post-thumbnail","hentry","category-sucesos"],"_links":{"self":[{"href":"https:\/\/enfoquenoticioso.com\/index.php?rest_route=\/wp\/v2\/posts\/9563","targetHints":{"allow":["GET"]}}],"collection":[{"href":"https:\/\/enfoquenoticioso.com\/index.php?rest_route=\/wp\/v2\/posts"}],"about":[{"href":"https:\/\/enfoquenoticioso.com\/index.php?rest_route=\/wp\/v2\/types\/post"}],"author":[{"embeddable":true,"href":"https:\/\/enfoquenoticioso.com\/index.php?rest_route=\/wp\/v2\/users\/2"}],"replies":[{"embeddable":true,"href":"https:\/\/enfoquenoticioso.com\/index.php?rest_route=%2Fwp%2Fv2%2Fcomments&post=9563"}],"version-history":[{"count":0,"href":"https:\/\/enfoquenoticioso.com\/index.php?rest_route=\/wp\/v2\/posts\/9563\/revisions"}],"wp:featuredmedia":[{"embeddable":true,"href":"https:\/\/enfoquenoticioso.com\/index.php?rest_route=\/wp\/v2\/media\/9564"}],"wp:attachment":[{"href":"https:\/\/enfoquenoticioso.com\/index.php?rest_route=%2Fwp%2Fv2%2Fmedia&parent=9563"}],"wp:term":[{"taxonomy":"category","embeddable":true,"href":"https:\/\/enfoquenoticioso.com\/index.php?rest_route=%2Fwp%2Fv2%2Fcategories&post=9563"},{"taxonomy":"post_tag","embeddable":true,"href":"https:\/\/enfoquenoticioso.com\/index.php?rest_route=%2Fwp%2Fv2%2Ftags&post=9563"}],"curies":[{"name":"wp","href":"https:\/\/api.w.org\/{rel}","templated":true}]}}