{"id":9571,"date":"2024-07-03T13:15:14","date_gmt":"2024-07-03T13:15:14","guid":{"rendered":"https:\/\/enfoquenoticioso.com\/sucesos\/hombre-estrangulo-a-su-amiga-en-valencia-por-negarse-a-tener-relaciones\/"},"modified":"2024-07-03T13:15:14","modified_gmt":"2024-07-03T13:15:14","slug":"hombre-estrangulo-a-su-amiga-en-valencia-por-negarse-a-tener-relaciones","status":"publish","type":"post","link":"https:\/\/enfoquenoticioso.com\/?p=9571","title":{"rendered":"Hombre estrangul\u00f3 a su amiga en Valencia por negarse a tener relaciones"},"content":{"rendered":"<div id=\"post-531927\">\n<div class=\"entry-thumbnail\">\n<img width=\"777\" height=\"437\" src=\"https:\/\/i0.wp.com\/noticiasaldiayalahora.co\/wp-content\/uploads\/2024\/02\/CICPC.jpg?resize=777%2C437&amp;ssl=1\" class=\"attachment-content-single size-content-single wp-post-image\" alt=\"\" decoding=\"async\" fetchpriority=\"high\" srcset=\"https:\/\/i0.wp.com\/noticiasaldiayalahora.co\/wp-content\/uploads\/2024\/02\/CICPC.jpg?w=1200&amp;ssl=1 1200w, https:\/\/i0.wp.com\/noticiasaldiayalahora.co\/wp-content\/uploads\/2024\/02\/CICPC.jpg?resize=300%2C169&amp;ssl=1 300w, https:\/\/i0.wp.com\/noticiasaldiayalahora.co\/wp-content\/uploads\/2024\/02\/CICPC.jpg?resize=1024%2C576&amp;ssl=1 1024w, https:\/\/i0.wp.com\/noticiasaldiayalahora.co\/wp-content\/uploads\/2024\/02\/CICPC.jpg?resize=768%2C432&amp;ssl=1 768w, https:\/\/i0.wp.com\/noticiasaldiayalahora.co\/wp-content\/uploads\/2024\/02\/CICPC.jpg?resize=777%2C437&amp;ssl=1 777w, https:\/\/i0.wp.com\/noticiasaldiayalahora.co\/wp-content\/uploads\/2024\/02\/CICPC.jpg?resize=180%2C101&amp;ssl=1 180w, https:\/\/i0.wp.com\/noticiasaldiayalahora.co\/wp-content\/uploads\/2024\/02\/CICPC.jpg?resize=260%2C146&amp;ssl=1 260w, https:\/\/i0.wp.com\/noticiasaldiayalahora.co\/wp-content\/uploads\/2024\/02\/CICPC.jpg?resize=373%2C210&amp;ssl=1 373w, https:\/\/i0.wp.com\/noticiasaldiayalahora.co\/wp-content\/uploads\/2024\/02\/CICPC.jpg?resize=120%2C67&amp;ssl=1 120w\" sizes=\"(max-width: 777px) 100vw, 777px\"\/><\/div>\n<p class=\"entry-meta\">\n<span class=\"entry-meta-author vcard author\">Por: <a class=\"fn\" href=\"https:\/\/noticiasaldiayalahora.co\/author\/redaccion\/\" target=\"_blank\" rel=\"noopener\">Redacci\u00f3n Noticias al Dia y a la Hora<\/a><\/span><br \/>\n<span class=\"entry-meta-date updated\">3 julio, 2024<\/span>\n<\/p>\n<div class=\"entry-content clearfix\">\n<p>Con la captura de Alfredo Silva, de 27 a\u00f1os, Comisiones policiales de la Coordinaci\u00f3n de Investigaciones de los Delitos Contra las Personas de la Delegaci\u00f3n Municipal Valencia, esclarecieron el femicidio de Josimar Nexiret Medina Sequera, de 18 a\u00f1os de edad.<span id=\"more-531927\"\/><\/p>\n<p>El crimen ocurri\u00f3 el pasado 25 de junio en la calle La Floresta, sector Alexander Burgos, a orilla de la canal de Santa Luc\u00eda, parroquia Miguel Pe\u00f1a, municipio Valencia del estado Carabobo, seg\u00fan informa el Cicpc en sus redes sociales.<\/p>\n<p>Pesquisas y arduas experticias t\u00e9cnico cient\u00edficas dieron a conocer que el d\u00eda del hecho, la v\u00edctima y el victimario, quienes eran amigos, se encontraban compartiendo e ingiriendo bebidas alcoh\u00f3licas. Al transcurrir varias horas, el victimario mediante destrezas condujo a Medina hasta la orilla de la canal de Santa Luc\u00eda, donde la oblig\u00f3 a mantener relaciones sexuales, y cuando la joven lo rechaz\u00f3 Silva utiliz\u00f3 su fuerza f\u00edsica, la estrangul\u00f3 y se apoder\u00f3 de sus pertenencias personales, entre ellas un tel\u00e9fono Tecno Spark 8C.<\/p>\n<p>Al efectuar las investigaciones de rigor, Silva fue detenido en la calle Ar\u00e1nzazu, sector Bella Vista, incaut\u00e1ndole como evidencia prendas de vestir de la v\u00edctima y una bicicleta utilizada como medio de comisi\u00f3n.<\/p>\n<p>El caso lo lleva la Fiscal\u00eda Primera del Ministerio P\u00fablico del estado Carabobo.<\/p>\n<div id=\"ez-toc-container\" class=\"ez-toc-v2_0_81 counter-hierarchy ez-toc-counter ez-toc-grey ez-toc-container-direction\">\n<div class=\"ez-toc-title-container\">\n<p class=\"ez-toc-title\" style=\"cursor:inherit\">Tabla de Contenido<\/p>\n<span class=\"ez-toc-title-toggle\"><a href=\"#\" class=\"ez-toc-pull-right ez-toc-btn ez-toc-btn-xs ez-toc-btn-default ez-toc-toggle\" aria-label=\"Alternar tabla de contenidos\"><span class=\"ez-toc-js-icon-con\"><span class=\"\"><span class=\"eztoc-hide\" style=\"display:none;\">Toggle<\/span><span class=\"ez-toc-icon-toggle-span\"><svg style=\"fill: #999;color:#999\" xmlns=\"http:\/\/www.w3.org\/2000\/svg\" class=\"list-377408\" width=\"20px\" height=\"20px\" viewBox=\"0 0 24 24\" fill=\"none\"><path d=\"M6 6H4v2h2V6zm14 0H8v2h12V6zM4 11h2v2H4v-2zm16 0H8v2h12v-2zM4 16h2v2H4v-2zm16 0H8v2h12v-2z\" fill=\"currentColor\"><\/path><\/svg><svg style=\"fill: #999;color:#999\" class=\"arrow-unsorted-368013\" xmlns=\"http:\/\/www.w3.org\/2000\/svg\" width=\"10px\" height=\"10px\" viewBox=\"0 0 24 24\" version=\"1.2\" baseProfile=\"tiny\"><path d=\"M18.2 9.3l-6.2-6.3-6.2 6.3c-.2.2-.3.4-.3.7s.1.5.3.7c.2.2.4.3.7.3h11c.3 0 .5-.1.7-.3.2-.2.3-.5.3-.7s-.1-.5-.3-.7zM5.8 14.7l6.2 6.3 6.2-6.3c.2-.2.3-.5.3-.7s-.1-.5-.3-.7c-.2-.2-.4-.3-.7-.3h-11c-.3 0-.5.1-.7.3-.2.2-.3.5-.3.7s.1.5.3.7z\"\/><\/svg><\/span><\/span><\/span><\/a><\/span><\/div>\n<nav><ul class='ez-toc-list ez-toc-list-level-1 ' ><li class='ez-toc-page-1 ez-toc-heading-level-4'><a class=\"ez-toc-link ez-toc-heading-1\" href=\"https:\/\/enfoquenoticioso.com\/?p=9571\/#Sigue_al_canal_de_noticias_en_Whatsaap\" >Sigue al canal de noticias en Whatsaap\u00a0<\/a><\/li><\/ul><\/nav><\/div>\n<h4><span class=\"ez-toc-section\" id=\"Sigue_al_canal_de_noticias_en_Whatsaap\"><\/span><strong><a href=\"https:\/\/whatsapp.com\/channel\/0029VaDXFnLId7nFFiDdVI26?fbclid=IwAR1LnVJqcByTELJH4Ht086FYRmdx18pRnV7CrkzmTJ5JaLHYY0igukfL9Yk\" target=\"_blank\" rel=\"noopener\">Sigue al canal de noticias en Whatsaap\u00a0<\/a><\/strong><span class=\"ez-toc-section-end\"><\/span><\/h4>\n<\/div>\n<\/div>\n<p><a href=\"https:\/\/noticiasaldiayalahora.co\/sucesos\/hombre-estrangulo-a-su-amiga-en-valencia-por-negarse-a-tener-relaciones\/\" class=\" target=\" title=\"Hombre estrangul\u00f3 a su amiga en Valencia por negarse a tener relaciones\" target=\"_blank\" rel=\"noopener\">Ver fuente<\/a><\/p>\n","protected":false},"excerpt":{"rendered":"<p>Por: Redacci\u00f3n Noticias al Dia y a la Hora 3 julio, 2024 Con la captura de Alfredo Silva, de 27 a\u00f1os, Comisiones policiales de la Coordinaci\u00f3n de Investigaciones de los Delitos Contra las Personas de la Delegaci\u00f3n Municipal Valencia, esclarecieron el femicidio de Josimar Nexiret Medina Sequera, de 18 a\u00f1os de edad. El crimen ocurri\u00f3 [&hellip;]<\/p>\n","protected":false},"author":2,"featured_media":1741,"comment_status":"open","ping_status":"closed","sticky":false,"template":"","format":"standard","meta":{"footnotes":""},"categories":[5],"tags":[],"class_list":["post-9571","post","type-post","status-publish","format-standard","has-post-thumbnail","hentry","category-sucesos"],"_links":{"self":[{"href":"https:\/\/enfoquenoticioso.com\/index.php?rest_route=\/wp\/v2\/posts\/9571","targetHints":{"allow":["GET"]}}],"collection":[{"href":"https:\/\/enfoquenoticioso.com\/index.php?rest_route=\/wp\/v2\/posts"}],"about":[{"href":"https:\/\/enfoquenoticioso.com\/index.php?rest_route=\/wp\/v2\/types\/post"}],"author":[{"embeddable":true,"href":"https:\/\/enfoquenoticioso.com\/index.php?rest_route=\/wp\/v2\/users\/2"}],"replies":[{"embeddable":true,"href":"https:\/\/enfoquenoticioso.com\/index.php?rest_route=%2Fwp%2Fv2%2Fcomments&post=9571"}],"version-history":[{"count":0,"href":"https:\/\/enfoquenoticioso.com\/index.php?rest_route=\/wp\/v2\/posts\/9571\/revisions"}],"wp:featuredmedia":[{"embeddable":true,"href":"https:\/\/enfoquenoticioso.com\/index.php?rest_route=\/wp\/v2\/media\/1741"}],"wp:attachment":[{"href":"https:\/\/enfoquenoticioso.com\/index.php?rest_route=%2Fwp%2Fv2%2Fmedia&parent=9571"}],"wp:term":[{"taxonomy":"category","embeddable":true,"href":"https:\/\/enfoquenoticioso.com\/index.php?rest_route=%2Fwp%2Fv2%2Fcategories&post=9571"},{"taxonomy":"post_tag","embeddable":true,"href":"https:\/\/enfoquenoticioso.com\/index.php?rest_route=%2Fwp%2Fv2%2Ftags&post=9571"}],"curies":[{"name":"wp","href":"https:\/\/api.w.org\/{rel}","templated":true}]}}