{"id":9586,"date":"2024-07-03T14:16:31","date_gmt":"2024-07-03T14:16:31","guid":{"rendered":"https:\/\/enfoquenoticioso.com\/sucesos\/la-joven-de-17-anos-tiene-consternada-a-yaracuy\/"},"modified":"2024-07-03T14:16:31","modified_gmt":"2024-07-03T14:16:31","slug":"la-joven-de-17-anos-tiene-consternada-a-yaracuy","status":"publish","type":"post","link":"https:\/\/enfoquenoticioso.com\/?p=9586","title":{"rendered":"La joven de 17 a\u00f1os tiene consternada a Yaracuy"},"content":{"rendered":"<div id=\"post-531942\">\n<div class=\"entry-thumbnail\">\n<img width=\"680\" height=\"383\" src=\"https:\/\/i0.wp.com\/noticiasaldiayalahora.co\/wp-content\/uploads\/2024\/07\/Anyela-Ramos-Rengifo.jpg?resize=680%2C383&amp;ssl=1\" class=\"attachment-content-single size-content-single wp-post-image\" alt=\"\" decoding=\"async\" fetchpriority=\"high\" srcset=\"https:\/\/i0.wp.com\/noticiasaldiayalahora.co\/wp-content\/uploads\/2024\/07\/Anyela-Ramos-Rengifo.jpg?w=680&amp;ssl=1 680w, https:\/\/i0.wp.com\/noticiasaldiayalahora.co\/wp-content\/uploads\/2024\/07\/Anyela-Ramos-Rengifo.jpg?resize=300%2C169&amp;ssl=1 300w, https:\/\/i0.wp.com\/noticiasaldiayalahora.co\/wp-content\/uploads\/2024\/07\/Anyela-Ramos-Rengifo.jpg?resize=180%2C101&amp;ssl=1 180w, https:\/\/i0.wp.com\/noticiasaldiayalahora.co\/wp-content\/uploads\/2024\/07\/Anyela-Ramos-Rengifo.jpg?resize=260%2C146&amp;ssl=1 260w, https:\/\/i0.wp.com\/noticiasaldiayalahora.co\/wp-content\/uploads\/2024\/07\/Anyela-Ramos-Rengifo.jpg?resize=373%2C210&amp;ssl=1 373w, https:\/\/i0.wp.com\/noticiasaldiayalahora.co\/wp-content\/uploads\/2024\/07\/Anyela-Ramos-Rengifo.jpg?resize=120%2C67&amp;ssl=1 120w\" sizes=\"(max-width: 680px) 100vw, 680px\"\/><\/div>\n<p class=\"entry-meta\">\n<span class=\"entry-meta-author vcard author\">Por: <a class=\"fn\" href=\"https:\/\/noticiasaldiayalahora.co\/author\/redaccion\/\" target=\"_blank\" rel=\"noopener\">Redacci\u00f3n Noticias al Dia y a la Hora<\/a><\/span><br \/>\n<span class=\"entry-meta-date updated\">3 julio, 2024<\/span>\n<\/p>\n<div class=\"entry-content clearfix\">\n<p>Las autoridades est\u00e1n investigando el extra\u00f1o asesinato de Anyela Ramos Rengifo, de apenas 17 a\u00f1os, quien\u00a0muri\u00f3 de un balazo en el ojo\u00a0cuando estaba consumiendo bebidas alcoh\u00f3licas con dos personas en el estado Yaracuy.<span id=\"more-531942\"\/><\/p>\n<p>La tragedia ocurri\u00f3 en la noche del domingo, 30 de junio, en el callej\u00f3n dos de la localidad de Yaritagua. Reportes preliminares indican que Anyela estaba con su\u00a0pareja, identificado como Miguel Santeliz, y un amigo a las afueras de su hogar<\/p>\n<p>Los vecinos del sector escucharon disparos en medio de la noche, de acuerdo a \u00daltimas Noticias. Luego salieron y\u00a0encontraron el cuerpo de Anyela en el porche de su casa. De inmediato llamaron a las autoridades.<\/p>\n<p>Agentes del Cuerpo de Investigaciones Cient\u00edficas, Penales y Criminal\u00edsticas (Cicpc) llegaron al lugar y\u00a0levantaron el cuerpo de Anyela. Despu\u00e9s lo trasladaron hasta la morgue de la localidad para la autopsia correspondiente.<\/p>\n<div id=\"ez-toc-container\" class=\"ez-toc-v2_0_81 counter-hierarchy ez-toc-counter ez-toc-grey ez-toc-container-direction\">\n<div class=\"ez-toc-title-container\">\n<p class=\"ez-toc-title\" style=\"cursor:inherit\">Tabla de Contenido<\/p>\n<span class=\"ez-toc-title-toggle\"><a href=\"#\" class=\"ez-toc-pull-right ez-toc-btn ez-toc-btn-xs ez-toc-btn-default ez-toc-toggle\" aria-label=\"Alternar tabla de contenidos\"><span class=\"ez-toc-js-icon-con\"><span class=\"\"><span class=\"eztoc-hide\" style=\"display:none;\">Toggle<\/span><span class=\"ez-toc-icon-toggle-span\"><svg style=\"fill: #999;color:#999\" xmlns=\"http:\/\/www.w3.org\/2000\/svg\" class=\"list-377408\" width=\"20px\" height=\"20px\" viewBox=\"0 0 24 24\" fill=\"none\"><path d=\"M6 6H4v2h2V6zm14 0H8v2h12V6zM4 11h2v2H4v-2zm16 0H8v2h12v-2zM4 16h2v2H4v-2zm16 0H8v2h12v-2z\" fill=\"currentColor\"><\/path><\/svg><svg style=\"fill: #999;color:#999\" class=\"arrow-unsorted-368013\" xmlns=\"http:\/\/www.w3.org\/2000\/svg\" width=\"10px\" height=\"10px\" viewBox=\"0 0 24 24\" version=\"1.2\" baseProfile=\"tiny\"><path d=\"M18.2 9.3l-6.2-6.3-6.2 6.3c-.2.2-.3.4-.3.7s.1.5.3.7c.2.2.4.3.7.3h11c.3 0 .5-.1.7-.3.2-.2.3-.5.3-.7s-.1-.5-.3-.7zM5.8 14.7l6.2 6.3 6.2-6.3c.2-.2.3-.5.3-.7s-.1-.5-.3-.7c-.2-.2-.4-.3-.7-.3h-11c-.3 0-.5.1-.7.3-.2.2-.3.5-.3.7s.1.5.3.7z\"\/><\/svg><\/span><\/span><\/span><\/a><\/span><\/div>\n<nav><ul class='ez-toc-list ez-toc-list-level-1 ' ><li class='ez-toc-page-1 ez-toc-heading-level-3'><a class=\"ez-toc-link ez-toc-heading-1\" href=\"https:\/\/enfoquenoticioso.com\/?p=9586\/#%C2%BFQUIEN_MATO_A_ANYELA\" >\u00bfQUI\u00c9N MAT\u00d3 A ANYELA?<\/a><ul class='ez-toc-list-level-4' ><li class='ez-toc-heading-level-4'><a class=\"ez-toc-link ez-toc-heading-2\" href=\"https:\/\/enfoquenoticioso.com\/?p=9586\/#Sigue_al_canal_de_noticias_en_Whatsaap\" >Sigue al canal de noticias en Whatsaap\u00a0<\/a><\/li><\/ul><\/li><\/ul><\/nav><\/div>\n<h3 id=\"quien-mato-a-anyela\" class=\"rb-heading-index-0\"><span class=\"ez-toc-section\" id=\"%C2%BFQUIEN_MATO_A_ANYELA\"><\/span>\u00bfQUI\u00c9N MAT\u00d3 A ANYELA?<span class=\"ez-toc-section-end\"><\/span><\/h3>\n<p>Los detectives indicaron que Anyela ten\u00eda una herida por arma de fuego en el ojo derecho. Sin embargo, las personas con las que estaba compartiendo la adolescente\u00a0ya hab\u00edan escapado\u00a0de la escena del crimen.<\/p>\n<p>Los vecinos relataron que Anyela ten\u00eda\u00a0muchos problemas sentimentales\u00a0con su novio, Miguel Santeliz. Asimismo, la pareja habr\u00eda llegado desde Colombia hace apenas un mes.<\/p>\n<p>Los habitantes de Yaritagua exigen a las autoridades que avancen en la investigaci\u00f3n y\u00a0hagan justicia en por el asesinato de Anyela. Hasta el momento, no han sido localizadas ninguna de las dos personas que estaban con ella en el momento del crimen.<\/p>\n<h4><span class=\"ez-toc-section\" id=\"Sigue_al_canal_de_noticias_en_Whatsaap\"><\/span><strong><a href=\"https:\/\/whatsapp.com\/channel\/0029VaDXFnLId7nFFiDdVI26?fbclid=IwAR1LnVJqcByTELJH4Ht086FYRmdx18pRnV7CrkzmTJ5JaLHYY0igukfL9Yk\" target=\"_blank\" rel=\"noopener\">Sigue al canal de noticias en Whatsaap\u00a0<\/a><\/strong><span class=\"ez-toc-section-end\"><\/span><\/h4>\n<\/div>\n<\/div>\n<p><a href=\"https:\/\/noticiasaldiayalahora.co\/sucesos\/el-extrano-asesinato-de-anyela-ramos-rengifo-la-joven-de-17-anos-tiene-consternada-a-yaracuy\/\" class=\" target=\" title=\"La joven de 17 a\u00f1os tiene consternada a Yaracuy\" target=\"_blank\" rel=\"noopener\">Ver fuente<\/a><\/p>\n","protected":false},"excerpt":{"rendered":"<p>Por: Redacci\u00f3n Noticias al Dia y a la Hora 3 julio, 2024 Las autoridades est\u00e1n investigando el extra\u00f1o asesinato de Anyela Ramos Rengifo, de apenas 17 a\u00f1os, quien\u00a0muri\u00f3 de un balazo en el ojo\u00a0cuando estaba consumiendo bebidas alcoh\u00f3licas con dos personas en el estado Yaracuy. La tragedia ocurri\u00f3 en la noche del domingo, 30 de [&hellip;]<\/p>\n","protected":false},"author":2,"featured_media":9587,"comment_status":"open","ping_status":"closed","sticky":false,"template":"","format":"standard","meta":{"footnotes":""},"categories":[5],"tags":[],"class_list":["post-9586","post","type-post","status-publish","format-standard","has-post-thumbnail","hentry","category-sucesos"],"_links":{"self":[{"href":"https:\/\/enfoquenoticioso.com\/index.php?rest_route=\/wp\/v2\/posts\/9586","targetHints":{"allow":["GET"]}}],"collection":[{"href":"https:\/\/enfoquenoticioso.com\/index.php?rest_route=\/wp\/v2\/posts"}],"about":[{"href":"https:\/\/enfoquenoticioso.com\/index.php?rest_route=\/wp\/v2\/types\/post"}],"author":[{"embeddable":true,"href":"https:\/\/enfoquenoticioso.com\/index.php?rest_route=\/wp\/v2\/users\/2"}],"replies":[{"embeddable":true,"href":"https:\/\/enfoquenoticioso.com\/index.php?rest_route=%2Fwp%2Fv2%2Fcomments&post=9586"}],"version-history":[{"count":0,"href":"https:\/\/enfoquenoticioso.com\/index.php?rest_route=\/wp\/v2\/posts\/9586\/revisions"}],"wp:featuredmedia":[{"embeddable":true,"href":"https:\/\/enfoquenoticioso.com\/index.php?rest_route=\/wp\/v2\/media\/9587"}],"wp:attachment":[{"href":"https:\/\/enfoquenoticioso.com\/index.php?rest_route=%2Fwp%2Fv2%2Fmedia&parent=9586"}],"wp:term":[{"taxonomy":"category","embeddable":true,"href":"https:\/\/enfoquenoticioso.com\/index.php?rest_route=%2Fwp%2Fv2%2Fcategories&post=9586"},{"taxonomy":"post_tag","embeddable":true,"href":"https:\/\/enfoquenoticioso.com\/index.php?rest_route=%2Fwp%2Fv2%2Ftags&post=9586"}],"curies":[{"name":"wp","href":"https:\/\/api.w.org\/{rel}","templated":true}]}}