{"id":9632,"date":"2024-07-03T17:58:30","date_gmt":"2024-07-03T17:58:30","guid":{"rendered":"https:\/\/enfoquenoticioso.com\/sucesos\/detenido-hombre-que-estrangulo-intento-violar-y-robo-a-su-amiga-en-valencia\/"},"modified":"2024-07-03T17:58:30","modified_gmt":"2024-07-03T17:58:30","slug":"detenido-hombre-que-estrangulo-intento-violar-y-robo-a-su-amiga-en-valencia","status":"publish","type":"post","link":"https:\/\/enfoquenoticioso.com\/?p=9632","title":{"rendered":"Detenido hombre que estrangul\u00f3, intent\u00f3 violar y rob\u00f3 a su amiga en Valencia"},"content":{"rendered":"<div id=\"post-531951\">\n<div class=\"entry-thumbnail\">\n<img width=\"777\" height=\"437\" src=\"https:\/\/i0.wp.com\/noticiasaldiayalahora.co\/wp-content\/uploads\/2024\/05\/asesinatos-Cicpc.jpg?resize=777%2C437&amp;ssl=1\" class=\"attachment-content-single size-content-single wp-post-image\" alt=\"\" decoding=\"async\" fetchpriority=\"high\" srcset=\"https:\/\/i0.wp.com\/noticiasaldiayalahora.co\/wp-content\/uploads\/2024\/05\/asesinatos-Cicpc.jpg?w=860&amp;ssl=1 860w, https:\/\/i0.wp.com\/noticiasaldiayalahora.co\/wp-content\/uploads\/2024\/05\/asesinatos-Cicpc.jpg?resize=300%2C169&amp;ssl=1 300w, https:\/\/i0.wp.com\/noticiasaldiayalahora.co\/wp-content\/uploads\/2024\/05\/asesinatos-Cicpc.jpg?resize=768%2C432&amp;ssl=1 768w, https:\/\/i0.wp.com\/noticiasaldiayalahora.co\/wp-content\/uploads\/2024\/05\/asesinatos-Cicpc.jpg?resize=777%2C437&amp;ssl=1 777w, https:\/\/i0.wp.com\/noticiasaldiayalahora.co\/wp-content\/uploads\/2024\/05\/asesinatos-Cicpc.jpg?resize=180%2C101&amp;ssl=1 180w, https:\/\/i0.wp.com\/noticiasaldiayalahora.co\/wp-content\/uploads\/2024\/05\/asesinatos-Cicpc.jpg?resize=260%2C146&amp;ssl=1 260w, https:\/\/i0.wp.com\/noticiasaldiayalahora.co\/wp-content\/uploads\/2024\/05\/asesinatos-Cicpc.jpg?resize=373%2C210&amp;ssl=1 373w, https:\/\/i0.wp.com\/noticiasaldiayalahora.co\/wp-content\/uploads\/2024\/05\/asesinatos-Cicpc.jpg?resize=120%2C67&amp;ssl=1 120w\" sizes=\"(max-width: 777px) 100vw, 777px\"\/><\/div>\n<p class=\"entry-meta\">\n<span class=\"entry-meta-author vcard author\">Por: <a class=\"fn\" href=\"https:\/\/noticiasaldiayalahora.co\/author\/noticias\/\" target=\"_blank\" rel=\"noopener\">AL D\u00eda y a la Hora | @Notidiahora<\/a><\/span><br \/>\n<span class=\"entry-meta-date updated\">3 julio, 2024<\/span>\n<\/p>\n<div class=\"entry-content clearfix\">\n<p>Funcionarios del Cuerpo de Investigaciones, Cient\u00edficas, Penales y Criminal\u00edsticas (Cicpc) capturaron a un hombre de 27 a\u00f1os de edad por estrangular a su amiga en Valencia, estado Carabobo.<\/p>\n<p>La informaci\u00f3n la dio a conocer el director de ese cuerpo de seguridad, Douglas Rico, quien precis\u00f3 que la v\u00edctima qued\u00f3 identificada como Josimar Nexiret Medina Sequera (18).<\/p>\n<p>Pesquisas y arduas experticias t\u00e9cnico cient\u00edficas dieron a conocer que el d\u00eda del hecho, la v\u00edctima y el victimario, quienes eran amigos, se encontraban compartiendo e ingiriendo bebidas alcoh\u00f3licas, al transcurrir varias horas, el victimario mediante destrezas condujo a Medina hasta la orilla de la canal de Santa Luc\u00eda, donde la oblig\u00f3 a mantener relaciones sexuales, siendo rechazado por \u00e9sta; motivo por el cual Silva utiliz\u00f3 su fuerza f\u00edsica, la estrangul\u00f3 y se apoder\u00f3 de sus pertenencias personales, entre ellas un tel\u00e9fono Tecno Spark 8C.<\/p>\n<blockquote class=\"instagram-media\" data-instgrm-captioned=\"\" data-instgrm-permalink=\"https:\/\/www.instagram.com\/p\/C87GhtvuDmn\/?utm_source=ig_embed&amp;utm_campaign=loading\" data-instgrm-version=\"14\" style=\" background:#FFF; border:0; border-radius:3px; box-shadow:0 0 1px 0 rgba(0,0,0,0.5),0 1px 10px 0 rgba(0,0,0,0.15); margin: 1px; max-width:500px; min-width:326px; padding:0; width:99.375%; width:-webkit-calc(100% - 2px); width:calc(100% - 2px);\">\n<\/blockquote>\n<\/div>\n<\/div>\n<p><script async src=\"\/\/www.instagram.com\/embed.js\"><\/script><br \/>\n<br \/><a href=\"https:\/\/noticiasaldiayalahora.co\/sucesos\/detenido-hombre-que-estrangulo-intento-violar-y-robo-a-su-amiga-en-valencia\/\" class=\" target=\" title=\"Detenido hombre que estrangul\u00f3, intent\u00f3 violar y rob\u00f3 a su amiga en Valencia\" target=\"_blank\" rel=\"noopener\">Ver fuente<\/a><\/p>\n","protected":false},"excerpt":{"rendered":"<p>Por: AL D\u00eda y a la Hora | @Notidiahora 3 julio, 2024 Funcionarios del Cuerpo de Investigaciones, Cient\u00edficas, Penales y Criminal\u00edsticas (Cicpc) capturaron a un hombre de 27 a\u00f1os de edad por estrangular a su amiga en Valencia, estado Carabobo. La informaci\u00f3n la dio a conocer el director de ese cuerpo de seguridad, Douglas Rico, [&hellip;]<\/p>\n","protected":false},"author":2,"featured_media":3965,"comment_status":"open","ping_status":"closed","sticky":false,"template":"","format":"standard","meta":{"footnotes":""},"categories":[5],"tags":[],"class_list":["post-9632","post","type-post","status-publish","format-standard","has-post-thumbnail","hentry","category-sucesos"],"_links":{"self":[{"href":"https:\/\/enfoquenoticioso.com\/index.php?rest_route=\/wp\/v2\/posts\/9632","targetHints":{"allow":["GET"]}}],"collection":[{"href":"https:\/\/enfoquenoticioso.com\/index.php?rest_route=\/wp\/v2\/posts"}],"about":[{"href":"https:\/\/enfoquenoticioso.com\/index.php?rest_route=\/wp\/v2\/types\/post"}],"author":[{"embeddable":true,"href":"https:\/\/enfoquenoticioso.com\/index.php?rest_route=\/wp\/v2\/users\/2"}],"replies":[{"embeddable":true,"href":"https:\/\/enfoquenoticioso.com\/index.php?rest_route=%2Fwp%2Fv2%2Fcomments&post=9632"}],"version-history":[{"count":0,"href":"https:\/\/enfoquenoticioso.com\/index.php?rest_route=\/wp\/v2\/posts\/9632\/revisions"}],"wp:featuredmedia":[{"embeddable":true,"href":"https:\/\/enfoquenoticioso.com\/index.php?rest_route=\/wp\/v2\/media\/3965"}],"wp:attachment":[{"href":"https:\/\/enfoquenoticioso.com\/index.php?rest_route=%2Fwp%2Fv2%2Fmedia&parent=9632"}],"wp:term":[{"taxonomy":"category","embeddable":true,"href":"https:\/\/enfoquenoticioso.com\/index.php?rest_route=%2Fwp%2Fv2%2Fcategories&post=9632"},{"taxonomy":"post_tag","embeddable":true,"href":"https:\/\/enfoquenoticioso.com\/index.php?rest_route=%2Fwp%2Fv2%2Ftags&post=9632"}],"curies":[{"name":"wp","href":"https:\/\/api.w.org\/{rel}","templated":true}]}}