{"id":9689,"date":"2024-07-03T23:06:29","date_gmt":"2024-07-03T23:06:29","guid":{"rendered":"https:\/\/enfoquenoticioso.com\/internacionales\/colombia-disena-sistema-de-visas-de-trabajo-circulares-para-migrantes-venezolanos\/"},"modified":"2024-07-03T23:06:29","modified_gmt":"2024-07-03T23:06:29","slug":"colombia-disena-sistema-de-visas-de-trabajo-circulares-para-migrantes-venezolanos","status":"publish","type":"post","link":"https:\/\/enfoquenoticioso.com\/?p=9689","title":{"rendered":"Colombia dise\u00f1a sistema de visas de trabajo \u00abcirculares\u00bb para migrantes venezolanos"},"content":{"rendered":"<div>\n<p>El ministro de Relaciones Exteriores colombiano, Luis Gilberto Murillo, present\u00f3 brevemente un nuevo proyecto que pretende mejorar la calidad de vida laboral de migrantes venezolanos en el pa\u00eds a trav\u00e9s de un mecanismo de \u00abvisados circulares\u00ab.<\/p>\n<p>\u00abMuchas personas, sobre todo de Venezuela, pero tambi\u00e9n Ecuador, tienen un comportamiento circular cuando llegan a trabajar a Colombia\u00bb, dijo el canciller, quien explic\u00f3 que estos migrantes \u00abvienen al pa\u00eds, trabajan en algunas actividades como, por ejemplo, en recolecci\u00f3n de cosechas, y se regresan otra vez a Venezuela\u00bb.<\/p>\n<p>La iniciativa, en la que ya se encuentran trabajando Migraci\u00f3n Colombia y el Ministerio de Trabajo, pretende otorgar nuevas oportunidades laborales a los migrantes \u00abporque son personas que no quieren estar aqu\u00ed todo el tiempo\u00bb, a\u00f1adi\u00f3 Murillo en declaraciones a la prensa durante la V Conferencia Regional de Poblaci\u00f3n y Desarrollo de Am\u00e9rica Latina y el Caribe de la Comisi\u00f3n Econ\u00f3mica para Am\u00e9rica Latina y el Caribe (Cepal).<\/p>\n<p>Colombia es el pa\u00eds que m\u00e1s migrantes venezolanos acoge en el mundo, con una estimaci\u00f3n de 2.845.706 ciudadanos venezolanos viviendo en el pa\u00eds cafetero<\/p>\n<p>El canciller fue el encargado de inaugurar el encuentro que este a\u00f1o tiene, entre uno de sus temas centrales, el tratamiento de los derechos de las personas socialmente excluidas.<\/p>\n<p>Evidenci\u00f3 que en la \u00faltima d\u00e9cada Colombia ha recibido a 2,8 millones de migrantes venezolanos.<\/p>\n<p>\u00abTenemos cerca de 600.000 ni\u00f1os y ni\u00f1as migrantes en el sistema educativo y cerca de 1,2 millones en el sistema de salud\u00bb, clarific\u00f3<\/p>\n<p>A pesar de que este tema es una pol\u00edtica de Estado, es la sociedad colombiana la que tiene que ofrecer un compromiso \u00abpara garantizar la dignidad de las personas que han llegado hasta aqu\u00ed\u00bb, a\u00f1adi\u00f3.<\/p>\n<p>El ministro aprovech\u00f3 para recordar que en Colombia hay implementados diez \u2018Centros Int\u00e9grate\u2019 en alianza con Naciones Unidas y la Agencia de la ONU para los Refugiados (Acnur), que son eje para que las personas migrantes reciban asesor\u00eda para ingresar al mercado laboral y tener beneficios sociales. EFE<\/p>\n<p>\u00a0<\/p>\n<\/div>\n<p><a href=\"https:\/\/noticiasaldiayalahora.co\/internacionales\/colombia-disena-sistema-de-visas-de-trabajo-circulares-para-migrantes-venezolanos\/\" class=\" target=\" title=\"Colombia dise\u00f1a sistema de visas de trabajo \" para migrantes target=\"_blank\" rel=\"noopener\">Ver fuente<\/a><\/p>\n","protected":false},"excerpt":{"rendered":"<p>El ministro de Relaciones Exteriores colombiano, Luis Gilberto Murillo, present\u00f3 brevemente un nuevo proyecto que pretende mejorar la calidad de vida laboral de migrantes venezolanos en el pa\u00eds a trav\u00e9s de un mecanismo de \u00abvisados circulares\u00ab. \u00abMuchas personas, sobre todo de Venezuela, pero tambi\u00e9n Ecuador, tienen un comportamiento circular cuando llegan a trabajar a Colombia\u00bb, [&hellip;]<\/p>\n","protected":false},"author":2,"featured_media":9690,"comment_status":"open","ping_status":"closed","sticky":false,"template":"","format":"standard","meta":{"footnotes":""},"categories":[6],"tags":[],"class_list":["post-9689","post","type-post","status-publish","format-standard","has-post-thumbnail","hentry","category-internacionales"],"_links":{"self":[{"href":"https:\/\/enfoquenoticioso.com\/index.php?rest_route=\/wp\/v2\/posts\/9689","targetHints":{"allow":["GET"]}}],"collection":[{"href":"https:\/\/enfoquenoticioso.com\/index.php?rest_route=\/wp\/v2\/posts"}],"about":[{"href":"https:\/\/enfoquenoticioso.com\/index.php?rest_route=\/wp\/v2\/types\/post"}],"author":[{"embeddable":true,"href":"https:\/\/enfoquenoticioso.com\/index.php?rest_route=\/wp\/v2\/users\/2"}],"replies":[{"embeddable":true,"href":"https:\/\/enfoquenoticioso.com\/index.php?rest_route=%2Fwp%2Fv2%2Fcomments&post=9689"}],"version-history":[{"count":0,"href":"https:\/\/enfoquenoticioso.com\/index.php?rest_route=\/wp\/v2\/posts\/9689\/revisions"}],"wp:featuredmedia":[{"embeddable":true,"href":"https:\/\/enfoquenoticioso.com\/index.php?rest_route=\/wp\/v2\/media\/9690"}],"wp:attachment":[{"href":"https:\/\/enfoquenoticioso.com\/index.php?rest_route=%2Fwp%2Fv2%2Fmedia&parent=9689"}],"wp:term":[{"taxonomy":"category","embeddable":true,"href":"https:\/\/enfoquenoticioso.com\/index.php?rest_route=%2Fwp%2Fv2%2Fcategories&post=9689"},{"taxonomy":"post_tag","embeddable":true,"href":"https:\/\/enfoquenoticioso.com\/index.php?rest_route=%2Fwp%2Fv2%2Ftags&post=9689"}],"curies":[{"name":"wp","href":"https:\/\/api.w.org\/{rel}","templated":true}]}}