{"id":9698,"date":"2024-07-04T00:12:25","date_gmt":"2024-07-04T00:12:25","guid":{"rendered":"https:\/\/enfoquenoticioso.com\/internacionales\/biden-resiste-y-promete-a-su-equipo-de-campana-que-llegara-hasta-el-final\/"},"modified":"2024-07-04T00:12:25","modified_gmt":"2024-07-04T00:12:25","slug":"biden-resiste-y-promete-a-su-equipo-de-campana-que-llegara-hasta-el-final","status":"publish","type":"post","link":"https:\/\/enfoquenoticioso.com\/?p=9698","title":{"rendered":"Biden resiste y promete a su equipo de campa\u00f1a que llegar\u00e1 \u00abhasta el final\u00bb"},"content":{"rendered":"<div id=\"post-531977\">\n<div class=\"entry-thumbnail\">\n<img width=\"696\" height=\"437\" src=\"https:\/\/i0.wp.com\/noticiasaldiayalahora.co\/wp-content\/uploads\/2024\/02\/Joe-Biden-1.jpg?resize=696%2C437&amp;ssl=1\" class=\"attachment-content-single size-content-single wp-post-image\" alt=\"\" decoding=\"async\" fetchpriority=\"high\"\/><\/div>\n<p class=\"entry-meta\">\n<span class=\"entry-meta-author vcard author\">Por: <a class=\"fn\" href=\"https:\/\/noticiasaldiayalahora.co\/author\/noticias\/\" target=\"_blank\" rel=\"noopener\">AL D\u00eda y a la Hora | @Notidiahora<\/a><\/span><br \/>\n<span class=\"entry-meta-date updated\">3 julio, 2024<\/span>\n<\/p>\n<div class=\"entry-content clearfix\">\n<p>El presidente de EE.UU., Joe Biden, apareci\u00f3 por sorpresa en una videollamada con el personal que trabaja en su campa\u00f1a de reelecci\u00f3n para decirles: \u00abLos necesito ahora m\u00e1s que nunca. Voy a seguir luchando. Vamos a hacer esto hasta el final\u00bb, afirmaron a EFE fuentes cercanas a la campa\u00f1a.<\/p>\n<p>Biden apareci\u00f3 en la videollamada junto con la vicepresidenta, Kamala Harris, con quien almorz\u00f3 este mismo mi\u00e9rcoles. Ambos hablaron con el personal del equipo electoral mientras estaban abrazados, seg\u00fan las fuentes.<\/p>\n<p>Con esa aparici\u00f3n, tanto Biden como Harris quer\u00edan rechazar la presi\u00f3n para poner fin a su campa\u00f1a de reelecci\u00f3n despu\u00e9s del debate del jueves pasado contra el exmandatario Donald Trump (2017-2021), en el que el presidente ten\u00eda la voz m\u00e1s \u00e1spera y ronca de lo habitual por un resfriado y tuvo dificultades para concluir algunas frases.<\/p>\n<p>Tras ese debate, algunas voces del Partido Dem\u00f3crata, comentaristas de televisi\u00f3n y el consejo editorial de The New York Times han pedido al presidente que ponga fin a su campa\u00f1a para dar paso a otra persona que se enfrente a Trump en las elecciones de noviembre pr\u00f3ximo.<\/p>\n<p>Hasta ahora, Biden no ha dado ninguna se\u00f1al de que quiera retirarse de la carrera por la Casa Blanca e influyentes figuras del Partido Dem\u00f3crata, como el expresidente Barack Obama (2009-2017), han cerrado filas en torno a \u00e9l. EFE<\/p>\n<p>\u00a0<\/p>\n<\/div>\n<\/div>\n<p><a href=\"https:\/\/noticiasaldiayalahora.co\/internacionales\/biden-resiste-y-promete-a-su-equipo-de-campana-que-llegara-hasta-el-final\/\" class=\" target=\" title=\"Biden resiste y promete a su equipo de campa\u00f1a que llegar\u00e1 \" hasta el target=\"_blank\" rel=\"noopener\">Ver fuente<\/a><\/p>\n","protected":false},"excerpt":{"rendered":"<p>Por: AL D\u00eda y a la Hora | @Notidiahora 3 julio, 2024 El presidente de EE.UU., Joe Biden, apareci\u00f3 por sorpresa en una videollamada con el personal que trabaja en su campa\u00f1a de reelecci\u00f3n para decirles: \u00abLos necesito ahora m\u00e1s que nunca. Voy a seguir luchando. Vamos a hacer esto hasta el final\u00bb, afirmaron a [&hellip;]<\/p>\n","protected":false},"author":2,"featured_media":9699,"comment_status":"open","ping_status":"closed","sticky":false,"template":"","format":"standard","meta":{"footnotes":""},"categories":[6],"tags":[],"class_list":["post-9698","post","type-post","status-publish","format-standard","has-post-thumbnail","hentry","category-internacionales"],"_links":{"self":[{"href":"https:\/\/enfoquenoticioso.com\/index.php?rest_route=\/wp\/v2\/posts\/9698","targetHints":{"allow":["GET"]}}],"collection":[{"href":"https:\/\/enfoquenoticioso.com\/index.php?rest_route=\/wp\/v2\/posts"}],"about":[{"href":"https:\/\/enfoquenoticioso.com\/index.php?rest_route=\/wp\/v2\/types\/post"}],"author":[{"embeddable":true,"href":"https:\/\/enfoquenoticioso.com\/index.php?rest_route=\/wp\/v2\/users\/2"}],"replies":[{"embeddable":true,"href":"https:\/\/enfoquenoticioso.com\/index.php?rest_route=%2Fwp%2Fv2%2Fcomments&post=9698"}],"version-history":[{"count":0,"href":"https:\/\/enfoquenoticioso.com\/index.php?rest_route=\/wp\/v2\/posts\/9698\/revisions"}],"wp:featuredmedia":[{"embeddable":true,"href":"https:\/\/enfoquenoticioso.com\/index.php?rest_route=\/wp\/v2\/media\/9699"}],"wp:attachment":[{"href":"https:\/\/enfoquenoticioso.com\/index.php?rest_route=%2Fwp%2Fv2%2Fmedia&parent=9698"}],"wp:term":[{"taxonomy":"category","embeddable":true,"href":"https:\/\/enfoquenoticioso.com\/index.php?rest_route=%2Fwp%2Fv2%2Fcategories&post=9698"},{"taxonomy":"post_tag","embeddable":true,"href":"https:\/\/enfoquenoticioso.com\/index.php?rest_route=%2Fwp%2Fv2%2Ftags&post=9698"}],"curies":[{"name":"wp","href":"https:\/\/api.w.org\/{rel}","templated":true}]}}