{"id":9783,"date":"2024-07-04T10:23:37","date_gmt":"2024-07-04T10:23:37","guid":{"rendered":"https:\/\/enfoquenoticioso.com\/internacionales\/murio-tras-un-mes-de-agonia\/"},"modified":"2024-07-04T10:23:37","modified_gmt":"2024-07-04T10:23:37","slug":"murio-tras-un-mes-de-agonia","status":"publish","type":"post","link":"https:\/\/enfoquenoticioso.com\/?p=9783","title":{"rendered":"Muri\u00f3 tras un mes de agon\u00eda"},"content":{"rendered":"<div id=\"post-532000\">\n<div class=\"entry-thumbnail\">\n<img width=\"777\" height=\"437\" src=\"https:\/\/i0.wp.com\/noticiasaldiayalahora.co\/wp-content\/uploads\/2024\/07\/Colombia.jpg?resize=777%2C437&amp;ssl=1\" class=\"attachment-content-single size-content-single wp-post-image\" alt=\"\" decoding=\"async\" fetchpriority=\"high\" srcset=\"https:\/\/i0.wp.com\/noticiasaldiayalahora.co\/wp-content\/uploads\/2024\/07\/Colombia.jpg?w=860&amp;ssl=1 860w, https:\/\/i0.wp.com\/noticiasaldiayalahora.co\/wp-content\/uploads\/2024\/07\/Colombia.jpg?resize=300%2C169&amp;ssl=1 300w, https:\/\/i0.wp.com\/noticiasaldiayalahora.co\/wp-content\/uploads\/2024\/07\/Colombia.jpg?resize=768%2C432&amp;ssl=1 768w, https:\/\/i0.wp.com\/noticiasaldiayalahora.co\/wp-content\/uploads\/2024\/07\/Colombia.jpg?resize=777%2C437&amp;ssl=1 777w, https:\/\/i0.wp.com\/noticiasaldiayalahora.co\/wp-content\/uploads\/2024\/07\/Colombia.jpg?resize=180%2C101&amp;ssl=1 180w, https:\/\/i0.wp.com\/noticiasaldiayalahora.co\/wp-content\/uploads\/2024\/07\/Colombia.jpg?resize=260%2C146&amp;ssl=1 260w, https:\/\/i0.wp.com\/noticiasaldiayalahora.co\/wp-content\/uploads\/2024\/07\/Colombia.jpg?resize=373%2C210&amp;ssl=1 373w, https:\/\/i0.wp.com\/noticiasaldiayalahora.co\/wp-content\/uploads\/2024\/07\/Colombia.jpg?resize=120%2C67&amp;ssl=1 120w\" sizes=\"(max-width: 777px) 100vw, 777px\"\/><\/div>\n<p class=\"entry-meta\">\n<span class=\"entry-meta-author vcard author\">Por: <a class=\"fn\" href=\"https:\/\/noticiasaldiayalahora.co\/author\/redaccion\/\" target=\"_blank\" rel=\"noopener\">Redacci\u00f3n Noticias al Dia y a la Hora<\/a><\/span><br \/>\n<span class=\"entry-meta-date updated\">4 julio, 2024<\/span>\n<\/p>\n<div class=\"entry-content clearfix\">\n<p>Las autoridades colombianas investigan el brutal asesinato de Jos\u00e9 Javier Parra Vega, quien\u00a0fue quemado vivo por su pareja venezolana\u00a0en el municipio El Espinal. Tras un mes de agon\u00eda, el hombre muri\u00f3 el martes, 2 de julio.<span id=\"more-532000\"\/><\/p>\n<p>El caso se remonta hasta la madrugada del pasado 2 de junio, cuando Parra estaba consumiendo bebidas alcoh\u00f3licas con unos amigos. Su pareja lleg\u00f3 y enfureci\u00f3, por lo que\u00a0comenzaron a discutir\u00a0y la situaci\u00f3n escal\u00f3 r\u00e1pidamente.<\/p>\n<p>De acuerdo a las investigaciones, la mujer le arroj\u00f3 un l\u00edquido inflamable a Parra y lo encendi\u00f3 en llamas. Sus amigos y vecinos escucharon los gritos, de manera que\u00a0corrieron para auxiliarlo\u00a0y apagar el fuego.<\/p>\n<p>Medios colombianos indicaron que Parra fue internado en el hospital San Rafael del municipio de El Espinal. El hombre ten\u00eda\u00a0quemaduras de segundo y tercer grado en el 59% de su cuerpo.<\/p>\n<div id=\"ez-toc-container\" class=\"ez-toc-v2_0_81 counter-hierarchy ez-toc-counter ez-toc-grey ez-toc-container-direction\">\n<div class=\"ez-toc-title-container\">\n<p class=\"ez-toc-title\" style=\"cursor:inherit\">Tabla de Contenido<\/p>\n<span class=\"ez-toc-title-toggle\"><a href=\"#\" class=\"ez-toc-pull-right ez-toc-btn ez-toc-btn-xs ez-toc-btn-default ez-toc-toggle\" aria-label=\"Alternar tabla de contenidos\"><span class=\"ez-toc-js-icon-con\"><span class=\"\"><span class=\"eztoc-hide\" style=\"display:none;\">Toggle<\/span><span class=\"ez-toc-icon-toggle-span\"><svg style=\"fill: #999;color:#999\" xmlns=\"http:\/\/www.w3.org\/2000\/svg\" class=\"list-377408\" width=\"20px\" height=\"20px\" viewBox=\"0 0 24 24\" fill=\"none\"><path d=\"M6 6H4v2h2V6zm14 0H8v2h12V6zM4 11h2v2H4v-2zm16 0H8v2h12v-2zM4 16h2v2H4v-2zm16 0H8v2h12v-2z\" fill=\"currentColor\"><\/path><\/svg><svg style=\"fill: #999;color:#999\" class=\"arrow-unsorted-368013\" xmlns=\"http:\/\/www.w3.org\/2000\/svg\" width=\"10px\" height=\"10px\" viewBox=\"0 0 24 24\" version=\"1.2\" baseProfile=\"tiny\"><path d=\"M18.2 9.3l-6.2-6.3-6.2 6.3c-.2.2-.3.4-.3.7s.1.5.3.7c.2.2.4.3.7.3h11c.3 0 .5-.1.7-.3.2-.2.3-.5.3-.7s-.1-.5-.3-.7zM5.8 14.7l6.2 6.3 6.2-6.3c.2-.2.3-.5.3-.7s-.1-.5-.3-.7c-.2-.2-.4-.3-.7-.3h-11c-.3 0-.5.1-.7.3-.2.2-.3.5-.3.7s.1.5.3.7z\"\/><\/svg><\/span><\/span><\/span><\/a><\/span><\/div>\n<nav><ul class='ez-toc-list ez-toc-list-level-1 ' ><li class='ez-toc-page-1 ez-toc-heading-level-3'><a class=\"ez-toc-link ez-toc-heading-1\" href=\"https:\/\/enfoquenoticioso.com\/?p=9783\/#PARRA_EN_LA_UCI\" >PARRA EN LA UCI<\/a><ul class='ez-toc-list-level-4' ><li class='ez-toc-heading-level-4'><a class=\"ez-toc-link ez-toc-heading-2\" href=\"https:\/\/enfoquenoticioso.com\/?p=9783\/#Sigue_al_canal_de_noticias_en_Whatsaap\" >Sigue al canal de noticias en Whatsaap\u00a0<\/a><\/li><\/ul><\/li><\/ul><\/nav><\/div>\n<h3 id=\"parra-en-la-uci\" class=\"rb-heading-index-0\"><span class=\"ez-toc-section\" id=\"PARRA_EN_LA_UCI\"><\/span>PARRA EN LA UCI<span class=\"ez-toc-section-end\"><\/span><\/h3>\n<p>La v\u00edctima fue internada en la\u00a0unidad de cuidados intensivos (UCI)\u00a0por la gravedad de sus heridas. Aunque hicieron una cirug\u00eda para mejorar su estado de salud, no present\u00f3 mejor\u00eda y fue trasladado a la ciudad de Ibagu\u00e9.<\/p>\n<p>\u00abEn la tarde de este 2 de julio se le realiza tratamiento quir\u00fargico a las quemaduras por parte de los profesionales en cirug\u00eda pl\u00e1stica, pero lamentablemente el paciente no resisti\u00f3 m\u00e1s, pese a los esfuerzos del personal m\u00e9dico y asistencial\u00bb, dijo el m\u00e9dico encargado.<\/p>\n<p>Las autoridades mantienen el caso abierto y no han dado mayores detalles sobre la agresora. Hasta el momento,\u00a0solo se conoce que era venezolana\u00a0y que tuvo una relaci\u00f3n con Parra.<\/p>\n<p>Los familiares de la v\u00edctima exigen que den con el paradero de la agresora y\u00a0pidieron ayuda a la ciudadan\u00eda para encontrarla. Esperan que se haga justicia por Parra y que la mujer sea juzgada.<\/p>\n<h4><span class=\"ez-toc-section\" id=\"Sigue_al_canal_de_noticias_en_Whatsaap\"><\/span><strong><a href=\"https:\/\/whatsapp.com\/channel\/0029VaDXFnLId7nFFiDdVI26?fbclid=IwAR1LnVJqcByTELJH4Ht086FYRmdx18pRnV7CrkzmTJ5JaLHYY0igukfL9Yk\" target=\"_blank\" rel=\"noopener\">Sigue al canal de noticias en Whatsaap\u00a0<\/a><\/strong><span class=\"ez-toc-section-end\"><\/span><\/h4>\n<\/div>\n<\/div>\n<p><a href=\"https:\/\/noticiasaldiayalahora.co\/internacionales\/venezolana-quemo-viva-a-su-pareja-porque-lo-vio-tomando-con-sus-amigos-murio-tras-un-mes-de-agonia\/\" class=\" target=\" title=\"Muri\u00f3 tras un mes de agon\u00eda\" target=\"_blank\" rel=\"noopener\">Ver fuente<\/a><\/p>\n","protected":false},"excerpt":{"rendered":"<p>Por: Redacci\u00f3n Noticias al Dia y a la Hora 4 julio, 2024 Las autoridades colombianas investigan el brutal asesinato de Jos\u00e9 Javier Parra Vega, quien\u00a0fue quemado vivo por su pareja venezolana\u00a0en el municipio El Espinal. Tras un mes de agon\u00eda, el hombre muri\u00f3 el martes, 2 de julio. El caso se remonta hasta la madrugada [&hellip;]<\/p>\n","protected":false},"author":2,"featured_media":9784,"comment_status":"open","ping_status":"closed","sticky":false,"template":"","format":"standard","meta":{"footnotes":""},"categories":[6],"tags":[],"class_list":["post-9783","post","type-post","status-publish","format-standard","has-post-thumbnail","hentry","category-internacionales"],"_links":{"self":[{"href":"https:\/\/enfoquenoticioso.com\/index.php?rest_route=\/wp\/v2\/posts\/9783","targetHints":{"allow":["GET"]}}],"collection":[{"href":"https:\/\/enfoquenoticioso.com\/index.php?rest_route=\/wp\/v2\/posts"}],"about":[{"href":"https:\/\/enfoquenoticioso.com\/index.php?rest_route=\/wp\/v2\/types\/post"}],"author":[{"embeddable":true,"href":"https:\/\/enfoquenoticioso.com\/index.php?rest_route=\/wp\/v2\/users\/2"}],"replies":[{"embeddable":true,"href":"https:\/\/enfoquenoticioso.com\/index.php?rest_route=%2Fwp%2Fv2%2Fcomments&post=9783"}],"version-history":[{"count":0,"href":"https:\/\/enfoquenoticioso.com\/index.php?rest_route=\/wp\/v2\/posts\/9783\/revisions"}],"wp:featuredmedia":[{"embeddable":true,"href":"https:\/\/enfoquenoticioso.com\/index.php?rest_route=\/wp\/v2\/media\/9784"}],"wp:attachment":[{"href":"https:\/\/enfoquenoticioso.com\/index.php?rest_route=%2Fwp%2Fv2%2Fmedia&parent=9783"}],"wp:term":[{"taxonomy":"category","embeddable":true,"href":"https:\/\/enfoquenoticioso.com\/index.php?rest_route=%2Fwp%2Fv2%2Fcategories&post=9783"},{"taxonomy":"post_tag","embeddable":true,"href":"https:\/\/enfoquenoticioso.com\/index.php?rest_route=%2Fwp%2Fv2%2Ftags&post=9783"}],"curies":[{"name":"wp","href":"https:\/\/api.w.org\/{rel}","templated":true}]}}