{"id":9876,"date":"2024-07-04T17:34:18","date_gmt":"2024-07-04T17:34:18","guid":{"rendered":"https:\/\/enfoquenoticioso.com\/internacionales\/biden-festeja-dia-de-la-independencia-en-busca-de-tranquilizar-a-los-democratas\/"},"modified":"2024-07-04T17:34:18","modified_gmt":"2024-07-04T17:34:18","slug":"biden-festeja-dia-de-la-independencia-en-busca-de-tranquilizar-a-los-democratas","status":"publish","type":"post","link":"https:\/\/enfoquenoticioso.com\/?p=9876","title":{"rendered":"Biden festeja D\u00eda de la Independencia en busca de tranquilizar a los dem\u00f3cratas"},"content":{"rendered":"<div>\n<p>El presidente de EEUU encabezar\u00e1 m\u00faltiples eventos en la Casa Blanca este jueves para conmemorar el D\u00eda de la Independencia. Las actividades forman parte de la estrategia de Biden para tranquilizar a los dem\u00f3cratas tras las cr\u00edticas por su actuaci\u00f3n en el debate presidencial.<\/p>\n<p>Entre barbacoas y celebraciones junto a miembros del Ej\u00e9rcito, el presidente Joe Biden conmemora este jueves el D\u00eda de la Independencia de Estados Unidos con una serie de eventos que buscan tranquilizar a los dem\u00f3cratas sobre su capacidad para dirigir al pa\u00eds.<\/p>\n<p>Como parte de las tradiciones del 4 de julio, el presidente y la primera dama, Jill Biden, recibir\u00e1n en la Casa Blanca a familias de militares activos y retirados para honrar su servicio.<\/p>\n<p>Se espera que Biden ofrezca un discurso desde el jard\u00edn sur de la residencia presidencial, al que tambi\u00e9n asistir\u00e1 la vicepresidenta Kamala Harris.<\/p>\n<p>Estas actividades ocurren en medio de las presiones al mandatario para que abandone su campa\u00f1a de reelecci\u00f3n tras su pobre actuaci\u00f3n en el debate con su rival republicano, el expresidente Donald Trump.<\/p>\n<p>A medida que aumentan los llamados de algunos dem\u00f3cratas para que se haga a un lado, expertos aseguran que Biden necesita demostrar resistencia y agudeza mental a votantes y donantes.<\/p>\n<p>A pesar de eso, Biden prometi\u00f3 que seguir\u00e1 buscando su reelecci\u00f3n. \u201cMe voy a postular. Soy el l\u00edder del Partido Dem\u00f3crata. Nadie me va a sacar\u201d, dijo Biden, de acuerdo con un colaborador de alto rango que public\u00f3 su declaraci\u00f3n en la red social X.<\/p>\n<p>Biden cerrar\u00e1 la semana con una entrevista el viernes en ABC News y ese mismo d\u00eda viajar\u00e1 a Wisconsin para un acto de campa\u00f1a con cientos de simpatizantes. La capital de ese estado, considerado clave en las elecciones presidenciales del pr\u00f3ximo noviembre, acoger\u00e1 del 15 al 19 de julio la Convenci\u00f3n Nacional Republicana, de donde se espera que se confirme oficialmente la candidatura del expresidente Donald Trump.<\/p>\n<blockquote class=\"twitter-tweet\">\n<p dir=\"ltr\" lang=\"en\">Year after year, we\u2019ve come together today to celebrate freedom, liberty, and independence.<\/p>\n<p>Today, Jill and I look forward to tonight\u2019s celebration and wish you all a wonderful Fourth of July. <a href=\"https:\/\/t.co\/0j8eEMUMl7\">pic.twitter.com\/0j8eEMUMl7<\/a><\/p>\n<p>\u2014 President Biden (@POTUS) <a href=\"https:\/\/twitter.com\/POTUS\/status\/1808894992519221555?ref_src=twsrc%5Etfw\" target=\"_blank\" rel=\"noopener\">July 4, 2024<\/a><\/p>\n<\/blockquote>\n<\/div>\n<p><script async src=\"\/\/platform.twitter.com\/widgets.js\" charset=\"utf-8\"><\/script><br \/>\n<br \/><a href=\"https:\/\/noticiasaldiayalahora.co\/internacionales\/biden-festeja-dia-de-la-independencia-en-busca-de-tranquilizar-a-los-democratas\/\" class=\" target=\" title=\"Biden festeja D\u00eda de la Independencia en busca de tranquilizar a los dem\u00f3cratas\" target=\"_blank\" rel=\"noopener\">Ver fuente<\/a><\/p>\n","protected":false},"excerpt":{"rendered":"<p>El presidente de EEUU encabezar\u00e1 m\u00faltiples eventos en la Casa Blanca este jueves para conmemorar el D\u00eda de la Independencia. Las actividades forman parte de la estrategia de Biden para tranquilizar a los dem\u00f3cratas tras las cr\u00edticas por su actuaci\u00f3n en el debate presidencial. Entre barbacoas y celebraciones junto a miembros del Ej\u00e9rcito, el presidente [&hellip;]<\/p>\n","protected":false},"author":2,"featured_media":9877,"comment_status":"open","ping_status":"closed","sticky":false,"template":"","format":"standard","meta":{"footnotes":""},"categories":[6],"tags":[],"class_list":["post-9876","post","type-post","status-publish","format-standard","has-post-thumbnail","hentry","category-internacionales"],"_links":{"self":[{"href":"https:\/\/enfoquenoticioso.com\/index.php?rest_route=\/wp\/v2\/posts\/9876","targetHints":{"allow":["GET"]}}],"collection":[{"href":"https:\/\/enfoquenoticioso.com\/index.php?rest_route=\/wp\/v2\/posts"}],"about":[{"href":"https:\/\/enfoquenoticioso.com\/index.php?rest_route=\/wp\/v2\/types\/post"}],"author":[{"embeddable":true,"href":"https:\/\/enfoquenoticioso.com\/index.php?rest_route=\/wp\/v2\/users\/2"}],"replies":[{"embeddable":true,"href":"https:\/\/enfoquenoticioso.com\/index.php?rest_route=%2Fwp%2Fv2%2Fcomments&post=9876"}],"version-history":[{"count":0,"href":"https:\/\/enfoquenoticioso.com\/index.php?rest_route=\/wp\/v2\/posts\/9876\/revisions"}],"wp:featuredmedia":[{"embeddable":true,"href":"https:\/\/enfoquenoticioso.com\/index.php?rest_route=\/wp\/v2\/media\/9877"}],"wp:attachment":[{"href":"https:\/\/enfoquenoticioso.com\/index.php?rest_route=%2Fwp%2Fv2%2Fmedia&parent=9876"}],"wp:term":[{"taxonomy":"category","embeddable":true,"href":"https:\/\/enfoquenoticioso.com\/index.php?rest_route=%2Fwp%2Fv2%2Fcategories&post=9876"},{"taxonomy":"post_tag","embeddable":true,"href":"https:\/\/enfoquenoticioso.com\/index.php?rest_route=%2Fwp%2Fv2%2Ftags&post=9876"}],"curies":[{"name":"wp","href":"https:\/\/api.w.org\/{rel}","templated":true}]}}